{"id":130056,"date":"2025-03-24T10:02:16","date_gmt":"2025-03-24T05:02:16","guid":{"rendered":"https:\/\/zamanturkmenistan.com.tm\/?p=130056"},"modified":"2025-03-24T18:02:31","modified_gmt":"2025-03-24T13:02:31","slug":"eyranyn-medeniyet-merkezinde-halkara-nowruz-guni-mynasybetli-care-gecirildi","status":"publish","type":"post","link":"https:\/\/zamanturkmenistan.com.tm\/?p=130056","title":{"rendered":"E\u00fdrany\u0148 Medeni\u00fdet merkezinde Halkara Nowruz g\u00fcni mynasybetli \u00e7\u00e4re ge\u00e7irildi"},"content":{"rendered":"<p>Halkara Nowruz g\u00fcni mynasybetli E\u00fdran Yslam Respublikasyny\u0148 Medeni\u00fdet merkezinde \u00e7\u00e4re ge\u00e7irildi. Bu ba\u00fdram\u00e7ylyk \u00e7\u00e4resine il\u00e7ihanany\u0148 i\u015fg\u00e4rleri we T\u00fcrkmenistany\u0148 ylym we medeni\u00fdet pudagyny\u0148 wekilleri gatna\u015fdylar. \u00c7\u00e4r\u00e4ni E\u00fdrany\u0148 T\u00fcrkmenistandaky Adatdan da\u015fary we doly ygty\u00fdarly il\u00e7isi Ali Mojtaba Ruzbehani a\u00e7dy we bu ba\u00fdram\u00e7ylygy\u0148 G\u00fcndogarda gelip \u00e7ykandygyny\u0148 kanuna la\u00fdyklygyny bell\u00e4p ge\u00e7di. Ba\u00fdram\u00e7ylyk \u00e7\u00e4resinde il\u00e7ihanany\u0148 i\u015fg\u00e4rleri, \u015fe\u00fdle hem t\u00fcrkmen alymlary \u00e7yky\u015f edip, bu gadymy ba\u00fdram\u00e7ylygy\u0148 taryhy, onu\u0148 bilen bagly d\u00e4p-dessurlar barada g\u00fcrr\u00fc\u0148 berdiler.<\/p>\n<p><img decoding=\"async\" loading=\"lazy\" class=\"aligncenter wp-image-130065 size-large\" src=\"https:\/\/zamanturkmenistan.com.tm\/wp-content\/uploads\/2025\/03\/nowruz-eyran-ilchihana-5X2A3745-1024x549.jpg\" alt=\"\" width=\"696\" height=\"373\" srcset=\"https:\/\/zamanturkmenistan.com.tm\/wp-content\/uploads\/2025\/03\/nowruz-eyran-ilchihana-5X2A3745-1024x549.jpg 1024w, https:\/\/zamanturkmenistan.com.tm\/wp-content\/uploads\/2025\/03\/nowruz-eyran-ilchihana-5X2A3745-300x161.jpg 300w, https:\/\/zamanturkmenistan.com.tm\/wp-content\/uploads\/2025\/03\/nowruz-eyran-ilchihana-5X2A3745-768x412.jpg 768w, https:\/\/zamanturkmenistan.com.tm\/wp-content\/uploads\/2025\/03\/nowruz-eyran-ilchihana-5X2A3745-696x373.jpg 696w, https:\/\/zamanturkmenistan.com.tm\/wp-content\/uploads\/2025\/03\/nowruz-eyran-ilchihana-5X2A3745-1068x572.jpg 1068w, https:\/\/zamanturkmenistan.com.tm\/wp-content\/uploads\/2025\/03\/nowruz-eyran-ilchihana-5X2A3745-784x420.jpg 784w, https:\/\/zamanturkmenistan.com.tm\/wp-content\/uploads\/2025\/03\/nowruz-eyran-ilchihana-5X2A3745.jpg 1200w\" sizes=\"(max-width: 696px) 100vw, 696px\" \/><br \/>\nBa\u00fdram\u00e7ylyk \u00e7\u00e4r\u00e4sini\u0148 \u00e7\u00e4klerinde t\u00fcrkmen we e\u00fdran sungat ussatlaryny\u0148 el i\u015flerini\u0148 eksponatlaryny\u0148 sergisi hem guraldy. E\u00fdran sergisini\u0148 merkezinde Nowruz ba\u00fdramyna mahsus bolan ny\u015fanlar \u00fderle\u015fdirilip, olary\u0148 hatarynda \u00abHaft Sin\u00bb, \u00fdagny Nowruzy\u0148 gelmegini alamatlandyr\u00fdan \u00fdedi tabajyk bar. D\u00e4p bol\u015fy \u00fdaly, tabakjyklar datly tagamlary ta\u00fd\u00fdarla\u00fdan zenanlary\u0148 \u015fekilleri bilen bezelipdir.<br \/>\nT\u00fcrkmen sergisinde bolsa \u00fdurdumyzy\u0148 her wela\u00fdatyna mahsus bolan el nagy\u015flary, to\u00fdundan \u00fdasalan \u00f6zbolu\u015fly \u00f6n\u00fcmler, \u015fe\u00fdle hem syr\u00e7aly keramikadan \u00fdasalan T\u00fcrkmenistany\u0148 kartasy go\u00fdlupdyr. \u015ee\u00fdle hem sergini\u0148 diwarlyklarynda t\u00fcrkmen we e\u00fdranly suratke\u015fleri\u0148 g\u00f6zel tebigaty, bahar paslyny, milli gymmatlyklary \u015fekillendir\u00fd\u00e4n suratlar g\u00f6rkezildi.<\/p>\n<p><img decoding=\"async\" loading=\"lazy\" class=\"aligncenter wp-image-130069 size-large\" src=\"https:\/\/zamanturkmenistan.com.tm\/wp-content\/uploads\/2025\/03\/nowruz-eyran-ilchinaha-5X2A3834-1024x683.jpg\" alt=\"\" width=\"696\" height=\"464\" srcset=\"https:\/\/zamanturkmenistan.com.tm\/wp-content\/uploads\/2025\/03\/nowruz-eyran-ilchinaha-5X2A3834-1024x683.jpg 1024w, https:\/\/zamanturkmenistan.com.tm\/wp-content\/uploads\/2025\/03\/nowruz-eyran-ilchinaha-5X2A3834-300x200.jpg 300w, https:\/\/zamanturkmenistan.com.tm\/wp-content\/uploads\/2025\/03\/nowruz-eyran-ilchinaha-5X2A3834-768x512.jpg 768w, https:\/\/zamanturkmenistan.com.tm\/wp-content\/uploads\/2025\/03\/nowruz-eyran-ilchinaha-5X2A3834-696x464.jpg 696w, https:\/\/zamanturkmenistan.com.tm\/wp-content\/uploads\/2025\/03\/nowruz-eyran-ilchinaha-5X2A3834-1068x712.jpg 1068w, https:\/\/zamanturkmenistan.com.tm\/wp-content\/uploads\/2025\/03\/nowruz-eyran-ilchinaha-5X2A3834-630x420.jpg 630w, https:\/\/zamanturkmenistan.com.tm\/wp-content\/uploads\/2025\/03\/nowruz-eyran-ilchinaha-5X2A3834.jpg 1200w\" sizes=\"(max-width: 696px) 100vw, 696px\" \/><br \/>\nDabaraly \u00e7\u00e4re ba\u00fdram\u00e7ylyk tagamlaryny\u0148 h\u00f6d\u00fcrlenmegi bilen tamamlandy.<\/p>\n","protected":false},"excerpt":{"rendered":"<p>Halkara Nowruz g\u00fcni mynasybetli E\u00fdran Yslam Respublikasyny\u0148 Medeni\u00fdet merkezinde \u00e7\u00e4re ge\u00e7irildi. Bu ba\u00fdram\u00e7ylyk \u00e7\u00e4resine il\u00e7ihanany\u0148 i\u015fg\u00e4rleri we T\u00fcrkmenistany\u0148 ylym we medeni\u00fdet pudagyny\u0148 wekilleri gatna\u015fdylar. \u00c7\u00e4r\u00e4ni E\u00fdrany\u0148 T\u00fcrkmenistandaky Adatdan da\u015fary we doly ygty\u00fdarly il\u00e7isi Ali Mojtaba Ruzbehani a\u00e7dy we bu ba\u00fdram\u00e7ylygy\u0148 G\u00fcndogarda gelip \u00e7ykandygyny\u0148 kanuna la\u00fdyklygyny bell\u00e4p ge\u00e7di. Ba\u00fdram\u00e7ylyk \u00e7\u00e4resinde il\u00e7ihanany\u0148 i\u015fg\u00e4rleri, \u015fe\u00fdle hem t\u00fcrkmen alymlary [&hellip;]<\/p>\n","protected":false},"author":2,"featured_media":130063,"comment_status":"open","ping_status":"closed","sticky":false,"template":"","format":"standard","meta":{"footnotes":""},"categories":[3],"tags":[],"acf":[],"_links":{"self":[{"href":"https:\/\/zamanturkmenistan.com.tm\/index.php?rest_route=\/wp\/v2\/posts\/130056"}],"collection":[{"href":"https:\/\/zamanturkmenistan.com.tm\/index.php?rest_route=\/wp\/v2\/posts"}],"about":[{"href":"https:\/\/zamanturkmenistan.com.tm\/index.php?rest_route=\/wp\/v2\/types\/post"}],"author":[{"embeddable":true,"href":"https:\/\/zamanturkmenistan.com.tm\/index.php?rest_route=\/wp\/v2\/users\/2"}],"replies":[{"embeddable":true,"href":"https:\/\/zamanturkmenistan.com.tm\/index.php?rest_route=%2Fwp%2Fv2%2Fcomments&post=130056"}],"version-history":[{"count":1,"href":"https:\/\/zamanturkmenistan.com.tm\/index.php?rest_route=\/wp\/v2\/posts\/130056\/revisions"}],"predecessor-version":[{"id":130091,"href":"https:\/\/zamanturkmenistan.com.tm\/index.php?rest_route=\/wp\/v2\/posts\/130056\/revisions\/130091"}],"wp:featuredmedia":[{"embeddable":true,"href":"https:\/\/zamanturkmenistan.com.tm\/index.php?rest_route=\/wp\/v2\/media\/130063"}],"wp:attachment":[{"href":"https:\/\/zamanturkmenistan.com.tm\/index.php?rest_route=%2Fwp%2Fv2%2Fmedia&parent=130056"}],"wp:term":[{"taxonomy":"category","embeddable":true,"href":"https:\/\/zamanturkmenistan.com.tm\/index.php?rest_route=%2Fwp%2Fv2%2Fcategories&post=130056"},{"taxonomy":"post_tag","embeddable":true,"href":"https:\/\/zamanturkmenistan.com.tm\/index.php?rest_route=%2Fwp%2Fv2%2Ftags&post=130056"}],"curies":[{"name":"wp","href":"https:\/\/api.w.org\/{rel}","templated":true}]}}