{"id":130182,"date":"2025-03-26T11:14:11","date_gmt":"2025-03-26T06:14:11","guid":{"rendered":"https:\/\/zamanturkmenistan.com.tm\/?p=130182"},"modified":"2025-03-26T11:14:11","modified_gmt":"2025-03-26T06:14:11","slug":"unfpa-nyn-turkmenistandaky-yurt-boyunca-direktory-bilen-dususyk-gecirildi","status":"publish","type":"post","link":"https:\/\/zamanturkmenistan.com.tm\/?p=130182","title":{"rendered":"UNFPA-ny\u0148 T\u00fcrkmenistandaky \u00fdurt bo\u00fdun\u00e7a direktory bilen du\u015fu\u015fyk ge\u00e7irildi"},"content":{"rendered":"<p>25-nji martda T\u00fcrkmenistany\u0148 Da\u015fary i\u015fler ministri Ra\u015fid Meredow bilen BMG-ni\u0148 Ilat Gaznasyny\u0148 (UNFPA) T\u00fcrkmenistandaky \u00fdurt bo\u00fdun\u00e7a direktory \u00c7inwe Ogbonnany\u0148 arasynda du\u015fu\u015fyk ge\u00e7irildi.<br \/>\nS\u00f6hbetde\u015fligi\u0148 ba\u015fynda myhmany UNFPA-ny\u0148 T\u00fcrkmenistandaky \u00fdurt bo\u00fdun\u00e7a direktory wezipesine bellenilmegi bilen gutlap, R.Meredow o\u0148a \u00fdurdumyzy\u0148 bu halkara d\u00fcz\u00fcmi bilen hyzmatda\u015flygyny\u0148 \u00f6sd\u00fcrilmegine g\u00f6n\u00fckdirilen i\u015finde \u00fcst\u00fcnlikleri we t\u00e4ze sepgitleri arzuw etdi.<br \/>\nDu\u015fu\u015fygy\u0148 dowamynda diplomatlar T\u00fcrkmenistan bilen UNFPA-ny\u0148 arasyndaky hyzmatda\u015flygy\u0148 \u00fdokary derejesini bell\u00e4p, bu hyzmatda\u015flygy mundan be\u00fdl\u00e4k hem \u00f6sd\u00fcrm\u00e4ge ylala\u015fdylar. \u015eu nukda\u00fdnazardan, 2021-2025-nji \u00fdyllar \u00fc\u00e7in UNFPA-ny\u0148 T\u00fcrkmenistan bo\u00fdun\u00e7a \u00fdurt Maksatnamasyny\u0148 hemmetarapla\u00fdyn durmu\u015fa ge\u00e7irilmegini\u0148 \u00e7\u00e4ginde bilelikd\u00e4ki i\u015fleri\u0148 netijeliligi nygtaldy.<br \/>\nReproduktiw we en\u00e4ni\u0148 saglygyny gowulandyrmak, gender de\u0148ligi, demografi\u00fda ugurlaryndaky hyzmatda\u015flyk, \u015fe\u00fdle hem \u00fda\u015flary\u0148 arasynda sagdyn durmu\u015f \u00fd\u00f6relgelerini we gender kadalaryny ilerletmek ikitarapla\u00fdyn hyzmatda\u015flygy\u0148 esasy ugurlary h\u00f6km\u00fcnde kesgitlenildi.<br \/>\nDu\u015fu\u015fygy\u0148 ahyrynda taraplar hyzmatda\u015flygy\u0148 mundan be\u00fdl\u00e4k hem \u00f6sd\u00fcrilmegine gyzyklanma bildirdiler.<\/p>\n","protected":false},"excerpt":{"rendered":"<p>25-nji martda T\u00fcrkmenistany\u0148 Da\u015fary i\u015fler ministri Ra\u015fid Meredow bilen BMG-ni\u0148 Ilat Gaznasyny\u0148 (UNFPA) T\u00fcrkmenistandaky \u00fdurt bo\u00fdun\u00e7a direktory \u00c7inwe Ogbonnany\u0148 arasynda du\u015fu\u015fyk ge\u00e7irildi. S\u00f6hbetde\u015fligi\u0148 ba\u015fynda myhmany UNFPA-ny\u0148 T\u00fcrkmenistandaky \u00fdurt bo\u00fdun\u00e7a direktory wezipesine bellenilmegi bilen gutlap, R.Meredow o\u0148a \u00fdurdumyzy\u0148 bu halkara d\u00fcz\u00fcmi bilen hyzmatda\u015flygyny\u0148 \u00f6sd\u00fcrilmegine g\u00f6n\u00fckdirilen i\u015finde \u00fcst\u00fcnlikleri we t\u00e4ze sepgitleri arzuw etdi. Du\u015fu\u015fygy\u0148 dowamynda diplomatlar T\u00fcrkmenistan [&hellip;]<\/p>\n","protected":false},"author":2,"featured_media":130185,"comment_status":"open","ping_status":"closed","sticky":false,"template":"","format":"standard","meta":{"footnotes":""},"categories":[3],"tags":[],"acf":[],"_links":{"self":[{"href":"https:\/\/zamanturkmenistan.com.tm\/index.php?rest_route=\/wp\/v2\/posts\/130182"}],"collection":[{"href":"https:\/\/zamanturkmenistan.com.tm\/index.php?rest_route=\/wp\/v2\/posts"}],"about":[{"href":"https:\/\/zamanturkmenistan.com.tm\/index.php?rest_route=\/wp\/v2\/types\/post"}],"author":[{"embeddable":true,"href":"https:\/\/zamanturkmenistan.com.tm\/index.php?rest_route=\/wp\/v2\/users\/2"}],"replies":[{"embeddable":true,"href":"https:\/\/zamanturkmenistan.com.tm\/index.php?rest_route=%2Fwp%2Fv2%2Fcomments&post=130182"}],"version-history":[{"count":1,"href":"https:\/\/zamanturkmenistan.com.tm\/index.php?rest_route=\/wp\/v2\/posts\/130182\/revisions"}],"predecessor-version":[{"id":130186,"href":"https:\/\/zamanturkmenistan.com.tm\/index.php?rest_route=\/wp\/v2\/posts\/130182\/revisions\/130186"}],"wp:featuredmedia":[{"embeddable":true,"href":"https:\/\/zamanturkmenistan.com.tm\/index.php?rest_route=\/wp\/v2\/media\/130185"}],"wp:attachment":[{"href":"https:\/\/zamanturkmenistan.com.tm\/index.php?rest_route=%2Fwp%2Fv2%2Fmedia&parent=130182"}],"wp:term":[{"taxonomy":"category","embeddable":true,"href":"https:\/\/zamanturkmenistan.com.tm\/index.php?rest_route=%2Fwp%2Fv2%2Fcategories&post=130182"},{"taxonomy":"post_tag","embeddable":true,"href":"https:\/\/zamanturkmenistan.com.tm\/index.php?rest_route=%2Fwp%2Fv2%2Ftags&post=130182"}],"curies":[{"name":"wp","href":"https:\/\/api.w.org\/{rel}","templated":true}]}}