{"id":130197,"date":"2025-03-26T11:55:09","date_gmt":"2025-03-26T06:55:09","guid":{"rendered":"https:\/\/zamanturkmenistan.com.tm\/?p=130197"},"modified":"2025-03-26T11:55:09","modified_gmt":"2025-03-26T06:55:09","slug":"26-30-njy-martda-teatrlarda-gorkeziljek-sahna-oyunlary","status":"publish","type":"post","link":"https:\/\/zamanturkmenistan.com.tm\/?p=130197","title":{"rendered":"26-30-njy martda teatrlarda g\u00f6rkeziljek sahna o\u00fdunlary"},"content":{"rendered":"<p><strong>T\u00fcrkmenistany\u0148 Be\u00fdik Saparmyrat T\u00fcrkmenba\u015fy adyndaky ba\u015f akademiki drama teatry<\/strong><br \/>\n26.03.2025\u00fd. \u00abDutary\u0148 owazy\u00bb 18:00<br \/>\n27.03.2025\u00fd. \u00abDutary\u0148 owazy\u00bb 18:00<br \/>\n28.03.2025\u00fd. \u00abDutary\u0148 owazy\u00bb 18:00<br \/>\n29.03.2025\u00fd. \u00abSyrly sandyk\u00bb 19:00<br \/>\n30.03.2025\u00fd. \u00abG\u00fclki ag\u015famy\u00bb 19:00<\/p>\n<p><strong>T\u00fcrkmenistany\u0148 Magtymguly adyndaky milli sazly drama teatry<\/strong><br \/>\n28.03.2025\u00fd. \u00abP\u00e4k s\u00f6\u00fdg\u00fcni\u0148 g\u00fc\u00fdji\u00bb 19:00<br \/>\n29.03.2025\u00fd. \u00abDurmu\u015f di\u0148e d\u00fc\u00fd\u015f d\u00e4l\u00bb 19:00<br \/>\n30.03.2025\u00fd. \u00abSuper ga\u00fdyn ene\u00bb 19:00<\/p>\n<p><strong>T\u00fcrkmenistany\u0148 Alp Arslan adyndaky milli drama teatry<\/strong><br \/>\n27.03.2025\u00fd. \u00abBatyr tow\u015fan\u00bb 11:00<br \/>\n28.03.2025\u00fd. \u00abHak a\u015fyklar\u00bb 19:00<br \/>\n29.03.2025\u00fd. \u00abN\u00e4zli dildarym\u00bb 19:00<br \/>\n30.03.2025\u00fd. \u00abGumly gelin\u00bb 19:00<\/p>\n<p><strong>A.S.Pu\u015fkin adyndaky d\u00f6wlet rus drama teatry<\/strong><br \/>\n27.03.2025\u00fd. \u00ab\u0420\u0430\u0437 \u0438 \u0414\u0432\u0430\u00bb 12:00<br \/>\n27.03.2025\u00fd. \u00ab\u0420\u0430\u0437 \u0438 \u0414\u0432\u0430\u00bb 14:00<br \/>\n28.03.2025\u00fd. \u00ab\u041f\u0440\u0438\u043a\u043b\u044e\u0447\u0435\u043d\u0438\u044f \u0425\u0443\u0434\u0430\u0439\u0431\u0435\u0440\u0434\u044b\u00bb 12:00<br \/>\n28.03.2025\u00fd. \u00ab\u041f\u0440\u0438\u043a\u043b\u044e\u0447\u0435\u043d\u0438\u044f \u0425\u0443\u0434\u0430\u0439\u0431\u0435\u0440\u0434\u044b\u00bb 14:00<br \/>\n28.03.2025\u00fd. \u00ab\u0421\u0442\u0440\u0443\u043d\u044b \u0434\u0443\u0448\u0438\u00bb 19:00<br \/>\n29.03.2025\u00fd. \u00ab\u041a\u0440\u0430\u0441\u043d\u0430\u044f \u0448\u0430\u043f\u043e\u0447\u043a\u0430\u00bb 12:00<br \/>\n29.03.2025\u00fd. \u00ab\u041a\u0440\u0430\u0441\u043d\u0430\u044f \u0448\u0430\u043f\u043e\u0447\u043a\u0430\u00bb 14:00<br \/>\n29.03.2025\u00fd. \u00ab\u0412\u043e\u0441\u0435\u043c\u044c \u043b\u044e\u0431\u044f\u0449\u0438\u0445 \u0436\u0435\u043d\u0449\u0438\u043d 19:00<br \/>\n30.03.2025\u00fd. \u00ab\u041f\u043e\u0445\u0438\u0449\u0435\u043d\u0438\u0435 \u0427\u0435\u0431\u0443\u0440\u0430\u0448\u043a\u0438\u00bb 11:00<br \/>\n30.03.2025\u00fd. \u00ab\u041f\u043e\u0445\u0438\u0449\u0435\u043d\u0438\u0435 \u0427\u0435\u0431\u0443\u0440\u0430\u0448\u043a\u0438\u00bb 13:00<br \/>\n30.03.2025\u00fd. \u00ab\u0421\u0432\u043e\u0431\u043e\u0434\u043d\u044b\u0435 \u0431\u0430\u0431\u043e\u0447\u043a\u0438\u00bb 19:00<\/p>\n<p><strong>T\u00fcrkmenistany\u0148 Mollanepes adyndaky talyplar teatry<\/strong><br \/>\n29.03.2025\u00fd. \u00abAmanat gi\u00fdew\u00bb 19:00<br \/>\n30.03.2025\u00fd. \u00abSa\u0148a \u00fdalan ma\u0148a \u00e7yn\u00bb 19:00<\/p>\n<p><strong>Arkadag \u015f\u00e4herini\u0148 Aman Gulm\u00e4mmedow adyndaky d\u00f6wlet drama teatry<\/strong><br \/>\n26.03.2025\u00fd. \u00abK\u00f6\u0148\u00fcller kelamy\u00bb 18:00<br \/>\n27.03.2025\u00fd. \u00abK\u00f6\u0148\u00fcller kelamy\u00bb 18:00<br \/>\n28.03.2025\u00fd. \u00abK\u00f6\u0148\u00fcller kelamy\u00bb 18:00<br \/>\n29.03.2025\u00fd. \u00ab\u015eowhunly toma\u015fa\u00bb 19:00<br \/>\n30.03.2025\u00fd. \u00abZor a\u00fdakdan tebip bolan\u00bb 19:00<\/p>\n<p><strong>T\u00fcrkmen d\u00f6wlet gurjak teatry<\/strong><br \/>\n28.03.2025\u00fd. \u00abB\u00f6wenjik\u00bb 17:00<br \/>\n28.03.2025\u00fd. \u00abA\u015fyklar\u00bb 18:00<br \/>\n29.03.2025\u00fd. \u00abBaky rowa\u00fdatlar\u00bb 17:00<br \/>\n29.03.2025\u00fd. \u00abA\u015fyklar\u00bb 19:00<br \/>\n30.03.2025\u00fd. \u00abJanly gurjaklar\u00bb 12:00<br \/>\n30.03.2025\u00fd. \u00abJanly gurjaklar\u00bb 17:00<br \/>\n30.03.2025\u00fd. \u00abA\u015fyklar\u00bb 19:00<\/p>\n<p><strong>Balkan wela\u00fdatyny\u0148 Be\u00fdik Saparmyrat T\u00fcrkmenba\u015fy adyndaky d\u00f6wlet drama teatry<\/strong><br \/>\n28.03.2025\u00fd. \u00abGarry m\u00f6jek\u00bb 19:00<br \/>\n29.03.2025\u00fd. \u00abBir g\u00fcn\u00fc\u0148 aladasy\u00bb 19:00<br \/>\n30.03.2025\u00fd. \u00abS\u00f6\u00fdgi bizi halas eder\u00bb 19:00<\/p>\n<p><strong>Da\u015foguz wela\u00fdatyny\u0148 N.Andalyp adyndaky d\u00f6wlet sazly drama teatry<\/strong><br \/>\n29.03.2025\u00fd. \u00abBagt mekany\u00bb 18:00<br \/>\n30.03.2025\u00fd. \u00ab\u00dda\u015flyk \u00fdelgini\u00bb 18:00<\/p>\n<p><strong>Lebap wela\u00fdatyny\u0148 Se\u00fditnazar Se\u00fddi adyndaky d\u00f6wlet sazly drama teatry<\/strong><br \/>\n29.03.2025\u00fd. \u00abT\u00e4ze gelin\u00bb 19:00<br \/>\n30.03.2025\u00fd. \u00abS\u00f6z a\u00fddy\u015f\u00bb 19:00<\/p>\n<p><strong>Mary wela\u00fdatyny\u0148 Kemine adyndaky d\u00f6wlet drama teatry<\/strong><br \/>\n28.03.2025\u00fd. \u00abEnemi\u0148 owlajygy\u00bb 10:00<br \/>\n28.03.2025\u00fd. \u00abEnemi\u0148 owlajygy\u00bb 11:00<br \/>\n28.03.2025\u00fd. \u00abEnemi\u0148 owlajygy\u00bb 12:00<br \/>\n29.03.2025\u00fd. \u00abEnemi\u0148 owlajygy\u00bb 10:00<br \/>\n29.03.2025\u00fd. \u00abEnemi\u0148 owlajygy\u00bb 11:00<br \/>\n29.03.2025\u00fd. \u00abIr gelen bahar\u00bb 12:00<br \/>\n29.03.2025\u00fd. \u00abIr gelen bahar\u00bb 19:00<br \/>\n30.03.2025\u00fd. \u00abEnemi\u0148 owlajygy\u00bb 10:00<br \/>\n30.03.2025\u00fd. \u00abEnemi\u0148 owlajygy\u00bb 11:00<br \/>\n30.03.2025\u00fd. \u00abIr gelen bahar\u00bb 12:00<br \/>\n30.03.2025\u00fd. \u00abIr gelen bahar\u00bb 19:00<\/p>\n","protected":false},"excerpt":{"rendered":"<p>T\u00fcrkmenistany\u0148 Be\u00fdik Saparmyrat T\u00fcrkmenba\u015fy adyndaky ba\u015f akademiki drama teatry 26.03.2025\u00fd. \u00abDutary\u0148 owazy\u00bb 18:00 27.03.2025\u00fd. \u00abDutary\u0148 owazy\u00bb 18:00 28.03.2025\u00fd. \u00abDutary\u0148 owazy\u00bb 18:00 29.03.2025\u00fd. \u00abSyrly sandyk\u00bb 19:00 30.03.2025\u00fd. \u00abG\u00fclki ag\u015famy\u00bb 19:00 T\u00fcrkmenistany\u0148 Magtymguly adyndaky milli sazly drama teatry 28.03.2025\u00fd. \u00abP\u00e4k s\u00f6\u00fdg\u00fcni\u0148 g\u00fc\u00fdji\u00bb 19:00 29.03.2025\u00fd. \u00abDurmu\u015f di\u0148e d\u00fc\u00fd\u015f d\u00e4l\u00bb 19:00 30.03.2025\u00fd. \u00abSuper ga\u00fdyn ene\u00bb 19:00 T\u00fcrkmenistany\u0148 Alp Arslan [&hellip;]<\/p>\n","protected":false},"author":2,"featured_media":128360,"comment_status":"open","ping_status":"closed","sticky":false,"template":"","format":"standard","meta":{"footnotes":""},"categories":[8273],"tags":[],"acf":[],"_links":{"self":[{"href":"https:\/\/zamanturkmenistan.com.tm\/index.php?rest_route=\/wp\/v2\/posts\/130197"}],"collection":[{"href":"https:\/\/zamanturkmenistan.com.tm\/index.php?rest_route=\/wp\/v2\/posts"}],"about":[{"href":"https:\/\/zamanturkmenistan.com.tm\/index.php?rest_route=\/wp\/v2\/types\/post"}],"author":[{"embeddable":true,"href":"https:\/\/zamanturkmenistan.com.tm\/index.php?rest_route=\/wp\/v2\/users\/2"}],"replies":[{"embeddable":true,"href":"https:\/\/zamanturkmenistan.com.tm\/index.php?rest_route=%2Fwp%2Fv2%2Fcomments&post=130197"}],"version-history":[{"count":1,"href":"https:\/\/zamanturkmenistan.com.tm\/index.php?rest_route=\/wp\/v2\/posts\/130197\/revisions"}],"predecessor-version":[{"id":130198,"href":"https:\/\/zamanturkmenistan.com.tm\/index.php?rest_route=\/wp\/v2\/posts\/130197\/revisions\/130198"}],"wp:featuredmedia":[{"embeddable":true,"href":"https:\/\/zamanturkmenistan.com.tm\/index.php?rest_route=\/wp\/v2\/media\/128360"}],"wp:attachment":[{"href":"https:\/\/zamanturkmenistan.com.tm\/index.php?rest_route=%2Fwp%2Fv2%2Fmedia&parent=130197"}],"wp:term":[{"taxonomy":"category","embeddable":true,"href":"https:\/\/zamanturkmenistan.com.tm\/index.php?rest_route=%2Fwp%2Fv2%2Fcategories&post=130197"},{"taxonomy":"post_tag","embeddable":true,"href":"https:\/\/zamanturkmenistan.com.tm\/index.php?rest_route=%2Fwp%2Fv2%2Ftags&post=130197"}],"curies":[{"name":"wp","href":"https:\/\/api.w.org\/{rel}","templated":true}]}}