{"id":130306,"date":"2025-03-27T11:56:05","date_gmt":"2025-03-27T06:56:05","guid":{"rendered":"https:\/\/zamanturkmenistan.com.tm\/?p=130306"},"modified":"2025-03-27T11:56:05","modified_gmt":"2025-03-27T06:56:05","slug":"rigada-turkmen-latwiya-syyasy-genesmeleri-gecirildi","status":"publish","type":"post","link":"https:\/\/zamanturkmenistan.com.tm\/?p=130306","title":{"rendered":"Rigada t\u00fcrkmen-latwi\u00fda sy\u00fdasy ge\u0148e\u015fmeleri ge\u00e7irildi"},"content":{"rendered":"<p>26-njy martda T\u00fcrkmenistany\u0148 Da\u015fary i\u015fler ministrini\u0148 orunbasary Ahmet Gurbanowy\u0148 Latwi\u00fda Respublikasyna amala a\u015fyran i\u015f saparyny\u0148 \u00e7\u00e4ginde D\u00f6wlet sekretaryny\u0148 orunbasary \u2013 Latwi\u00fda Respublikasyny\u0148 Da\u015fary i\u015fler ministrligini\u0148 sy\u00fdasy direktory Iwars Lasis bilen t\u00fcrkmen-latwi\u00fda sy\u00fdasy ge\u0148e\u015fmeleri ge\u00e7irildi.<br \/>\nGe\u0148e\u015fmeleri\u0148 dowamynda taraplar ikitarapla\u00fdyn formatda we \u00ddB \u00fdaly halkara d\u00fcz\u00fcmleri\u0148 \u00e7\u00e4klerind\u00e4ki hyzmatda\u015flygy\u0148 wajyp meseleleri hem-de T\u00fcrkmenistan bilen Latwi\u00fdany\u0148 arasyndaky \u00f6zara gatna\u015fyklary \u00f6sd\u00fcrmegi\u0148 geljegi barada pikir aly\u015fdylar.<br \/>\nS\u00f6wda-ykdysady hyzmatda\u015flygy\u0148 \u00f6sd\u00fcrilmegine a\u00fdratyn \u00fcns berildi. Yzygiderli ge\u00e7iril\u00fd\u00e4n du\u015fu\u015fyklary\u0148, forumlary\u0148 we sergileri\u0148 iki \u00fdurdu\u0148 i\u015few\u00fcr toparlaryny\u0148 arasynda g\u00f6ni gatna\u015fyklary \u00fdola go\u00fdmaga itergi ber\u00fd\u00e4ndigi nygtaldy.<br \/>\nTaraplar T\u00fcrkmenistany\u0148 B\u00fctind\u00fcn\u00fd\u00e4 s\u00f6wda guramasyna (BSG) go\u015fulmagy bilen baglany\u015fykly Latwi\u00fdany\u0148 tejribesini ulanmak m\u00fcmkin\u00e7iligini a\u00fdratyn ara alyp maslahatla\u015fdylar.<br \/>\nYkdysady, senagat, ylmy we tehniki hyzmatda\u015flyk bo\u00fdun\u00e7a t\u00fcrkmen-latwi\u00fda h\u00f6k\u00fcmetara toparyny\u0148 i\u015fini i\u015fje\u0148le\u015fdirmegi\u0148 \u00e4hmi\u00fdeti bellenildi. \u015eu nukda\u00fdnazardan taraplar ulag we \u00fdokary tehnologi\u00fdalar ugurlary bo\u00fdun\u00e7a hyzmatda\u015flygy gi\u0148eltmek barada pikir aly\u015fdylar.<br \/>\nDiplomatlar d\u00f6wletara gatna\u015fyklaryny \u00f6sd\u00fcrmek \u00fc\u00e7in \u015fertnama-hukuk bin\u00fdadyny k\u00e4mille\u015fdirmegi\u0148 \u00e4hmi\u00fdetini ara alyp maslahatla\u015fdylar.<br \/>\n\u015ee\u00fdle hem taraplar parlamentara gatna\u015fyklaryny i\u015fje\u0148le\u015fdirm\u00e4ge \u00f6zara ygrarlylyklaryny tassykladylar.<\/p>\n","protected":false},"excerpt":{"rendered":"<p>26-njy martda T\u00fcrkmenistany\u0148 Da\u015fary i\u015fler ministrini\u0148 orunbasary Ahmet Gurbanowy\u0148 Latwi\u00fda Respublikasyna amala a\u015fyran i\u015f saparyny\u0148 \u00e7\u00e4ginde D\u00f6wlet sekretaryny\u0148 orunbasary \u2013 Latwi\u00fda Respublikasyny\u0148 Da\u015fary i\u015fler ministrligini\u0148 sy\u00fdasy direktory Iwars Lasis bilen t\u00fcrkmen-latwi\u00fda sy\u00fdasy ge\u0148e\u015fmeleri ge\u00e7irildi. Ge\u0148e\u015fmeleri\u0148 dowamynda taraplar ikitarapla\u00fdyn formatda we \u00ddB \u00fdaly halkara d\u00fcz\u00fcmleri\u0148 \u00e7\u00e4klerind\u00e4ki hyzmatda\u015flygy\u0148 wajyp meseleleri hem-de T\u00fcrkmenistan bilen Latwi\u00fdany\u0148 arasyndaky \u00f6zara gatna\u015fyklary [&hellip;]<\/p>\n","protected":false},"author":2,"featured_media":130307,"comment_status":"open","ping_status":"closed","sticky":false,"template":"","format":"standard","meta":{"footnotes":""},"categories":[3],"tags":[],"acf":[],"_links":{"self":[{"href":"https:\/\/zamanturkmenistan.com.tm\/index.php?rest_route=\/wp\/v2\/posts\/130306"}],"collection":[{"href":"https:\/\/zamanturkmenistan.com.tm\/index.php?rest_route=\/wp\/v2\/posts"}],"about":[{"href":"https:\/\/zamanturkmenistan.com.tm\/index.php?rest_route=\/wp\/v2\/types\/post"}],"author":[{"embeddable":true,"href":"https:\/\/zamanturkmenistan.com.tm\/index.php?rest_route=\/wp\/v2\/users\/2"}],"replies":[{"embeddable":true,"href":"https:\/\/zamanturkmenistan.com.tm\/index.php?rest_route=%2Fwp%2Fv2%2Fcomments&post=130306"}],"version-history":[{"count":1,"href":"https:\/\/zamanturkmenistan.com.tm\/index.php?rest_route=\/wp\/v2\/posts\/130306\/revisions"}],"predecessor-version":[{"id":130308,"href":"https:\/\/zamanturkmenistan.com.tm\/index.php?rest_route=\/wp\/v2\/posts\/130306\/revisions\/130308"}],"wp:featuredmedia":[{"embeddable":true,"href":"https:\/\/zamanturkmenistan.com.tm\/index.php?rest_route=\/wp\/v2\/media\/130307"}],"wp:attachment":[{"href":"https:\/\/zamanturkmenistan.com.tm\/index.php?rest_route=%2Fwp%2Fv2%2Fmedia&parent=130306"}],"wp:term":[{"taxonomy":"category","embeddable":true,"href":"https:\/\/zamanturkmenistan.com.tm\/index.php?rest_route=%2Fwp%2Fv2%2Fcategories&post=130306"},{"taxonomy":"post_tag","embeddable":true,"href":"https:\/\/zamanturkmenistan.com.tm\/index.php?rest_route=%2Fwp%2Fv2%2Ftags&post=130306"}],"curies":[{"name":"wp","href":"https:\/\/api.w.org\/{rel}","templated":true}]}}