{"id":130325,"date":"2025-03-27T12:07:31","date_gmt":"2025-03-27T07:07:31","guid":{"rendered":"https:\/\/zamanturkmenistan.com.tm\/?p=130325"},"modified":"2025-03-27T12:07:31","modified_gmt":"2025-03-27T07:07:31","slug":"asgabatda-turkmenistan-we-ozbegistan-respublikasynyn-dasary-isler-ministrlerinin-dususygy-gecirildi","status":"publish","type":"post","link":"https:\/\/zamanturkmenistan.com.tm\/?p=130325","title":{"rendered":"A\u015fgabatda T\u00fcrkmenistan we \u00d6zbegistan Respublikasyny\u0148 Da\u015fary i\u015fler ministrlerini\u0148 du\u015fu\u015fygy ge\u00e7irildi"},"content":{"rendered":"<p>26-njy martda T\u00fcrkmenistany\u0148 Da\u015fary i\u015fler ministri Ra\u015fid Meredow \u201cMerkezi Azi\u00fda \u2013 \u00ddewropa Bilele\u015figi\u201d g\u00f6rn\u00fc\u015find\u00e4ki ministrler \u00fdygnagyna gatna\u015fmak \u00fc\u00e7in A\u015fgabat \u015f\u00e4herine gelen \u00d6zbegistan Respublikasyny\u0148 Da\u015fary i\u015fler ministri Bahti\u00fdor Saidow bilen du\u015fu\u015fdy.<br \/>\nDu\u015fu\u015fygy\u0148 dowamynda ministrler sy\u00fdasy-diplomatik, s\u00f6wda-ykdysady we medeni-ynsanperwer ugurlarda ikitarapla\u00fdyn hyzmatda\u015flyk bilen bagly meseleleri\u0148 gi\u0148 toplumyny ara alyp maslahatla\u015fdylar.<br \/>\nDiplomatlar T\u00fcrkmenistany\u0148 hormatly Prezidenti Serdar Berdimuhamedowy\u0148, t\u00fcrkmen halkyny\u0148 Milli Lideri, T\u00fcrkmenistany\u0148 Halk Maslahatyny\u0148 Ba\u015flygy, hormatly Gahryman-Arkadagymyz Gurbanguly Berdimuhamedowy\u0148 we \u00d6zbegistan Respublikasyny\u0148 hormatly Prezidenti \u015eawkat Mirzi\u00fdo\u00fdewi\u0148 sy\u00fdasy erkini\u0148 netijesinde k\u00e4mille\u015f\u00fd\u00e4n d\u00f6wletara dialogyny\u0148 \u00fdokary derejesini nygtadylar.<br \/>\nTaraplar BMG we \u00ddB \u00fdaly k\u00f6ptarapla\u00fdyn d\u00fcz\u00fcmleri\u0148 \u00e7\u00e4klerind\u00e4ki \u00f6zara gatna\u015fyklara garadylar.<br \/>\n\u015eu nukda\u00fdnazardan \u00fdakyn g\u00fcnlerde Samarkant \u015f\u00e4herinde ge\u00e7iriljek birinji \u00ddewropa Bilele\u015figi \u2013 Merkezi Azi\u00fda sammitine ta\u00fd\u00fdarlyk bilen bagly meseleler jikme-jik ara alnyp maslahatla\u015fyldy.<\/p>\n","protected":false},"excerpt":{"rendered":"<p>26-njy martda T\u00fcrkmenistany\u0148 Da\u015fary i\u015fler ministri Ra\u015fid Meredow \u201cMerkezi Azi\u00fda \u2013 \u00ddewropa Bilele\u015figi\u201d g\u00f6rn\u00fc\u015find\u00e4ki ministrler \u00fdygnagyna gatna\u015fmak \u00fc\u00e7in A\u015fgabat \u015f\u00e4herine gelen \u00d6zbegistan Respublikasyny\u0148 Da\u015fary i\u015fler ministri Bahti\u00fdor Saidow bilen du\u015fu\u015fdy. Du\u015fu\u015fygy\u0148 dowamynda ministrler sy\u00fdasy-diplomatik, s\u00f6wda-ykdysady we medeni-ynsanperwer ugurlarda ikitarapla\u00fdyn hyzmatda\u015flyk bilen bagly meseleleri\u0148 gi\u0148 toplumyny ara alyp maslahatla\u015fdylar. Diplomatlar T\u00fcrkmenistany\u0148 hormatly Prezidenti Serdar Berdimuhamedowy\u0148, t\u00fcrkmen [&hellip;]<\/p>\n","protected":false},"author":2,"featured_media":130322,"comment_status":"open","ping_status":"closed","sticky":false,"template":"","format":"standard","meta":{"footnotes":""},"categories":[3],"tags":[],"acf":[],"_links":{"self":[{"href":"https:\/\/zamanturkmenistan.com.tm\/index.php?rest_route=\/wp\/v2\/posts\/130325"}],"collection":[{"href":"https:\/\/zamanturkmenistan.com.tm\/index.php?rest_route=\/wp\/v2\/posts"}],"about":[{"href":"https:\/\/zamanturkmenistan.com.tm\/index.php?rest_route=\/wp\/v2\/types\/post"}],"author":[{"embeddable":true,"href":"https:\/\/zamanturkmenistan.com.tm\/index.php?rest_route=\/wp\/v2\/users\/2"}],"replies":[{"embeddable":true,"href":"https:\/\/zamanturkmenistan.com.tm\/index.php?rest_route=%2Fwp%2Fv2%2Fcomments&post=130325"}],"version-history":[{"count":1,"href":"https:\/\/zamanturkmenistan.com.tm\/index.php?rest_route=\/wp\/v2\/posts\/130325\/revisions"}],"predecessor-version":[{"id":130326,"href":"https:\/\/zamanturkmenistan.com.tm\/index.php?rest_route=\/wp\/v2\/posts\/130325\/revisions\/130326"}],"wp:featuredmedia":[{"embeddable":true,"href":"https:\/\/zamanturkmenistan.com.tm\/index.php?rest_route=\/wp\/v2\/media\/130322"}],"wp:attachment":[{"href":"https:\/\/zamanturkmenistan.com.tm\/index.php?rest_route=%2Fwp%2Fv2%2Fmedia&parent=130325"}],"wp:term":[{"taxonomy":"category","embeddable":true,"href":"https:\/\/zamanturkmenistan.com.tm\/index.php?rest_route=%2Fwp%2Fv2%2Fcategories&post=130325"},{"taxonomy":"post_tag","embeddable":true,"href":"https:\/\/zamanturkmenistan.com.tm\/index.php?rest_route=%2Fwp%2Fv2%2Ftags&post=130325"}],"curies":[{"name":"wp","href":"https:\/\/api.w.org\/{rel}","templated":true}]}}