{"id":130344,"date":"2025-03-27T16:43:49","date_gmt":"2025-03-27T11:43:49","guid":{"rendered":"https:\/\/zamanturkmenistan.com.tm\/?p=130344"},"modified":"2025-03-27T16:43:49","modified_gmt":"2025-03-27T11:43:49","slug":"moskwada-turkmenistanyn-hemiselik-bitaraplygynyn-30-yyllygyna-bagyslanyp-kitap-sergisi-gecirildi","status":"publish","type":"post","link":"https:\/\/zamanturkmenistan.com.tm\/?p=130344","title":{"rendered":"Moskwada T\u00fcrkmenistany\u0148 hemi\u015felik Bitaraplygyny\u0148 30 \u00fdyllygyna bagy\u015flanyp kitap sergisi ge\u00e7irildi"},"content":{"rendered":"<p>26-njy martda Moskwa \u015f\u00e4herinde M.I.Rudomino adyndaky da\u015fary \u00fdurt edebi\u00fdaty kitaphanasynda T\u00fcrkmenistany\u0148 Bitaraplygyny\u0148 30 \u00fdyllygy mynasybetli T\u00fcrkmenistany\u0148 Russi\u00fda Federasi\u00fdasyndaky Il\u00e7ihanasyny\u0148 guramagynda kitap sergisi ge\u00e7irildi.<br \/>\n\u00c7\u00e4r\u00e4 kitaphanany\u0148 \u00fdolba\u015f\u00e7ylary, Russi\u00fda Federasi\u00fdasynda akkreditirlenen da\u015fary \u00fdurtlary\u0148 diplomatlary, me\u015fhur dil\u00e7iler we edebi\u00fdat\u015fynaslar, alymlar we medeni\u00fdet ulgamyny\u0148 i\u015fg\u00e4rleri, \u017eurnalistler we t\u00fcrkmen talyplary gatna\u015fdylar.<br \/>\nT\u00fcrkmenistany\u0148 Prezidentini\u0148 we t\u00fcrkmen halkyny\u0148 Milli Liderini\u0148, T\u00fcrkmenistany\u0148 Halk Maslahatyny\u0148 Ba\u015flygyny\u0148 T\u00fcrkmenistany\u0148 parahat\u00e7ylyk s\u00f6\u00fd\u00fcjilikli da\u015fary sy\u00fdasatyny\u0148 esasy taraplaryny a\u00e7yp g\u00f6rkez\u00fd\u00e4n eserleri sergide a\u00fdratyn orun e\u00fdelediler.<br \/>\n\u00c7\u00e4r\u00e4ni\u0148 \u00e7\u00e4ginde t\u00fcrkmen halkyny\u0148 ruhy gymmatlyklaryny nygta\u00fdan Gahryman Arkadagymyzy\u0148 \u201c\u00dda\u015fasyn parahat durmu\u015f!\u201d, \u201cJan Watanym T\u00fcrkmenistan!\u201d, \u201cP\u00e4him-pa\u00fdhas ummany Magtymguly Pyragy\u201d atly \u015fygyrlaryndan setirler okaldy.<br \/>\nMyhmanlar t\u00fcrkmen Bitaraplygyny\u0148 30 \u00fdyllygyna bagy\u015flanan tematiki wideo\u015fekiller bilen tany\u015fdylar we bu m\u00f6h\u00fcm sene mynasybetli 2025-nji \u00fdyly\u0148 dekabrynda ge\u00e7iriljek esasy halkara foruma ta\u00fd\u00fdarlyk barada pikir aly\u015fdylar.<br \/>\n\u00c7\u00e4r\u00e4ni\u0148 ahyrynda T\u00fcrkmenistany\u0148 Prezidenti bilen t\u00fcrkmen halkyny\u0148 Milli Liderini\u0148, T\u00fcrkmenistany\u0148 Halk Maslahatyny\u0148 Ba\u015flygyny\u0148 kitaplary Da\u015fary \u00fdurt edebi\u00fdat kitaphanasyna sowgat edildi.<\/p>\n","protected":false},"excerpt":{"rendered":"<p>26-njy martda Moskwa \u015f\u00e4herinde M.I.Rudomino adyndaky da\u015fary \u00fdurt edebi\u00fdaty kitaphanasynda T\u00fcrkmenistany\u0148 Bitaraplygyny\u0148 30 \u00fdyllygy mynasybetli T\u00fcrkmenistany\u0148 Russi\u00fda Federasi\u00fdasyndaky Il\u00e7ihanasyny\u0148 guramagynda kitap sergisi ge\u00e7irildi. \u00c7\u00e4r\u00e4 kitaphanany\u0148 \u00fdolba\u015f\u00e7ylary, Russi\u00fda Federasi\u00fdasynda akkreditirlenen da\u015fary \u00fdurtlary\u0148 diplomatlary, me\u015fhur dil\u00e7iler we edebi\u00fdat\u015fynaslar, alymlar we medeni\u00fdet ulgamyny\u0148 i\u015fg\u00e4rleri, \u017eurnalistler we t\u00fcrkmen talyplary gatna\u015fdylar. T\u00fcrkmenistany\u0148 Prezidentini\u0148 we t\u00fcrkmen halkyny\u0148 Milli Liderini\u0148, T\u00fcrkmenistany\u0148 Halk [&hellip;]<\/p>\n","protected":false},"author":2,"featured_media":130345,"comment_status":"open","ping_status":"closed","sticky":false,"template":"","format":"standard","meta":{"footnotes":""},"categories":[3],"tags":[],"acf":[],"_links":{"self":[{"href":"https:\/\/zamanturkmenistan.com.tm\/index.php?rest_route=\/wp\/v2\/posts\/130344"}],"collection":[{"href":"https:\/\/zamanturkmenistan.com.tm\/index.php?rest_route=\/wp\/v2\/posts"}],"about":[{"href":"https:\/\/zamanturkmenistan.com.tm\/index.php?rest_route=\/wp\/v2\/types\/post"}],"author":[{"embeddable":true,"href":"https:\/\/zamanturkmenistan.com.tm\/index.php?rest_route=\/wp\/v2\/users\/2"}],"replies":[{"embeddable":true,"href":"https:\/\/zamanturkmenistan.com.tm\/index.php?rest_route=%2Fwp%2Fv2%2Fcomments&post=130344"}],"version-history":[{"count":1,"href":"https:\/\/zamanturkmenistan.com.tm\/index.php?rest_route=\/wp\/v2\/posts\/130344\/revisions"}],"predecessor-version":[{"id":130346,"href":"https:\/\/zamanturkmenistan.com.tm\/index.php?rest_route=\/wp\/v2\/posts\/130344\/revisions\/130346"}],"wp:featuredmedia":[{"embeddable":true,"href":"https:\/\/zamanturkmenistan.com.tm\/index.php?rest_route=\/wp\/v2\/media\/130345"}],"wp:attachment":[{"href":"https:\/\/zamanturkmenistan.com.tm\/index.php?rest_route=%2Fwp%2Fv2%2Fmedia&parent=130344"}],"wp:term":[{"taxonomy":"category","embeddable":true,"href":"https:\/\/zamanturkmenistan.com.tm\/index.php?rest_route=%2Fwp%2Fv2%2Fcategories&post=130344"},{"taxonomy":"post_tag","embeddable":true,"href":"https:\/\/zamanturkmenistan.com.tm\/index.php?rest_route=%2Fwp%2Fv2%2Ftags&post=130344"}],"curies":[{"name":"wp","href":"https:\/\/api.w.org\/{rel}","templated":true}]}}