{"id":130359,"date":"2025-03-27T16:50:50","date_gmt":"2025-03-27T11:50:50","guid":{"rendered":"https:\/\/zamanturkmenistan.com.tm\/?p=130359"},"modified":"2025-03-27T16:50:50","modified_gmt":"2025-03-27T11:50:50","slug":"turkmenistanyn-ylymlar-akademiyasynyn-prezidenti-yunesko-da-ylmy-diplomatiya-boyunca-global-ministrler-dialogyna-gatnasdy","status":"publish","type":"post","link":"https:\/\/zamanturkmenistan.com.tm\/?p=130359","title":{"rendered":"T\u00fcrkmenistany\u0148 Ylymlar akademi\u00fdasyny\u0148 Prezidenti \u00ddUNESKO-da Ylmy diplomati\u00fda bo\u00fdun\u00e7a global ministrler dialogyna gatna\u015fdy"},"content":{"rendered":"<p>25-26-njy martda T\u00fcrkmenistany\u0148 Ylymlar akademi\u00fdasyny\u0148 Prezidenti Allaberdi A\u015firow \u00ddUNESKO-ny\u0148 Pari\u017e \u015f\u00e4herind\u00e4ki edara binasynda ge\u00e7irilen Ylmy diplomati\u00fda bo\u00fdun\u00e7a global ministrler dialogyna gatna\u015fdy. Dialog Durnukly \u00f6s\u00fc\u015f \u00fc\u00e7in halkara ylmy on\u00fdyllygy\u0148 (2024\u20132033) \u00e7\u00e4ginde guraldy we \u00e4hlumumy kyn\u00e7ylyklary \u00e7\u00f6zmekde, halkara hyzmatda\u015flygyny berkitmekde we durnukly \u00f6s\u00fc\u015f \u00fd\u00f6relgelerini \u00f6sd\u00fcrmekde ylmy diplomati\u00fdany\u0148 \u00e4hmi\u00fdetini ara alyp maslahatla\u015fmak \u00fc\u00e7in d\u00fcn\u00fd\u00e4ni\u0148 d\u00fcrli k\u00fcnjeklerinden ministrleri, diplomatlary we \u00f6\u0148debaryjy alymlary \u00fdygnady.<br \/>\n\u00c7\u00e4re \u201c\u00c7alt \u00fc\u00fdtge\u00fd\u00e4n d\u00fcn\u00fd\u00e4de ylmy diplomati\u00fda: erkekleri\u0148 we zenanlary\u0148 a\u0148ynda parahat\u00e7ylygy berkitmek\u201d \u015fygary astynda ge\u00e7irildi. Mejlisleri\u0148 dowamynda gatna\u015fyjylar ylmy hyzmatda\u015flyk, ylmy maglumatlary\u0148 el\u00fdeterliligi, g\u00f6zleg howpsuzlygy we parahat\u00e7ylykly dialogy\u0148 guraly h\u00f6km\u00fcnde ylmy\u0148 ulanylmagy bilen baglany\u015fykly m\u00f6h\u00fcm meselelere garadylar.<br \/>\nDu\u015fu\u015fygy\u0148 netijeleri bo\u00fdun\u00e7a Bilelikd\u00e4ki ministrler be\u00fdannamasy kabul edildi.<br \/>\nYlym we tehnologi\u00fda ugurlary bo\u00fdun\u00e7a i\u015fje\u0148 sy\u00fdasaty alyp bar\u00fdan T\u00fcrkmenistan ylmy diplomati\u00fda pudagynda halkara hyzmatda\u015flygyna uly \u00e4hmi\u00fdet ber\u00fd\u00e4r. \u00ddurtda \u00ddUNESKO-ny\u0148 \u00e4hlumumy maksatlaryna la\u00fdyk gel\u00fd\u00e4n durnukly \u00f6s\u00fc\u015fi\u0148 m\u00f6h\u00fcm \u015ferti h\u00f6km\u00fcnde ylmy \u00f6sd\u00fcrm\u00e4ge g\u00f6n\u00fckdirilen ba\u015flangy\u00e7lar durmu\u015fa ge\u00e7iril\u00fd\u00e4r.<\/p>\n","protected":false},"excerpt":{"rendered":"<p>25-26-njy martda T\u00fcrkmenistany\u0148 Ylymlar akademi\u00fdasyny\u0148 Prezidenti Allaberdi A\u015firow \u00ddUNESKO-ny\u0148 Pari\u017e \u015f\u00e4herind\u00e4ki edara binasynda ge\u00e7irilen Ylmy diplomati\u00fda bo\u00fdun\u00e7a global ministrler dialogyna gatna\u015fdy. Dialog Durnukly \u00f6s\u00fc\u015f \u00fc\u00e7in halkara ylmy on\u00fdyllygy\u0148 (2024\u20132033) \u00e7\u00e4ginde guraldy we \u00e4hlumumy kyn\u00e7ylyklary \u00e7\u00f6zmekde, halkara hyzmatda\u015flygyny berkitmekde we durnukly \u00f6s\u00fc\u015f \u00fd\u00f6relgelerini \u00f6sd\u00fcrmekde ylmy diplomati\u00fdany\u0148 \u00e4hmi\u00fdetini ara alyp maslahatla\u015fmak \u00fc\u00e7in d\u00fcn\u00fd\u00e4ni\u0148 d\u00fcrli k\u00fcnjeklerinden ministrleri, diplomatlary [&hellip;]<\/p>\n","protected":false},"author":2,"featured_media":130311,"comment_status":"open","ping_status":"closed","sticky":false,"template":"","format":"standard","meta":{"footnotes":""},"categories":[3],"tags":[],"acf":[],"_links":{"self":[{"href":"https:\/\/zamanturkmenistan.com.tm\/index.php?rest_route=\/wp\/v2\/posts\/130359"}],"collection":[{"href":"https:\/\/zamanturkmenistan.com.tm\/index.php?rest_route=\/wp\/v2\/posts"}],"about":[{"href":"https:\/\/zamanturkmenistan.com.tm\/index.php?rest_route=\/wp\/v2\/types\/post"}],"author":[{"embeddable":true,"href":"https:\/\/zamanturkmenistan.com.tm\/index.php?rest_route=\/wp\/v2\/users\/2"}],"replies":[{"embeddable":true,"href":"https:\/\/zamanturkmenistan.com.tm\/index.php?rest_route=%2Fwp%2Fv2%2Fcomments&post=130359"}],"version-history":[{"count":1,"href":"https:\/\/zamanturkmenistan.com.tm\/index.php?rest_route=\/wp\/v2\/posts\/130359\/revisions"}],"predecessor-version":[{"id":130360,"href":"https:\/\/zamanturkmenistan.com.tm\/index.php?rest_route=\/wp\/v2\/posts\/130359\/revisions\/130360"}],"wp:featuredmedia":[{"embeddable":true,"href":"https:\/\/zamanturkmenistan.com.tm\/index.php?rest_route=\/wp\/v2\/media\/130311"}],"wp:attachment":[{"href":"https:\/\/zamanturkmenistan.com.tm\/index.php?rest_route=%2Fwp%2Fv2%2Fmedia&parent=130359"}],"wp:term":[{"taxonomy":"category","embeddable":true,"href":"https:\/\/zamanturkmenistan.com.tm\/index.php?rest_route=%2Fwp%2Fv2%2Fcategories&post=130359"},{"taxonomy":"post_tag","embeddable":true,"href":"https:\/\/zamanturkmenistan.com.tm\/index.php?rest_route=%2Fwp%2Fv2%2Ftags&post=130359"}],"curies":[{"name":"wp","href":"https:\/\/api.w.org\/{rel}","templated":true}]}}