{"id":130418,"date":"2025-03-28T08:43:44","date_gmt":"2025-03-28T03:43:44","guid":{"rendered":"https:\/\/zamanturkmenistan.com.tm\/?p=130418"},"modified":"2025-03-28T08:43:44","modified_gmt":"2025-03-28T03:43:44","slug":"turkmenistanyn-prezidenti-yewropa-bilelesiginin-yokary-wekilini-kabul-etdi","status":"publish","type":"post","link":"https:\/\/zamanturkmenistan.com.tm\/?p=130418","title":{"rendered":"T\u00fcrkmenistany\u0148 Prezidenti \u00ddewropa Bilele\u015figini\u0148 \u00fdokary wekilini kabul etdi"},"content":{"rendered":"<p>27-nji martda hormatly Prezidentimiz Serdar Berdimuhamedow \u00ddewropa Bilele\u015figini\u0148 da\u015fary i\u015fler we howpsuzlyk sy\u00fdasaty bo\u00fdun\u00e7a \u00fdokary wekili, \u00ddewropa Komissi\u00fdasyny\u0148 wise-prezidenti hanym Ka\u00fda Kallasy kabul etdi.<br \/>\n\u00ddewropa Bilele\u015figini\u0148 \u00fdokary wekili \u00f6zara hyzmatda\u015flygy\u0148 ileri tutul\u00fdan ugurlary bo\u00fdun\u00e7a pikir aly\u015fmaga d\u00f6redilen m\u00fcmkin\u00e7ilik \u00fc\u00e7in ho\u015fallygyny bildirip, \u00ddewropa Bilele\u015figinde T\u00fcrkmenistany\u0148 \u00e4hli ulgamlarda gazan\u00fdan \u00fcst\u00fcnliklerine \u00fdokary baha beril\u00fd\u00e4ndigini belledi. \u015ee\u00fdle hem myhman A\u015fgabady\u0148 \u00f6zbolu\u015fly binag\u00e4rlik ke\u015fbini\u0148 \u00f6z\u00fcnde uly t\u00e4sir galdyrandygyny a\u00fdtdy.<br \/>\nHormatly Prezidentimiz \u00ddewropa Komissi\u00fdasyny\u0148 wise-prezidenti Ka\u00fda Kallasy m\u00e4hirli m\u00fcb\u00e4rekl\u00e4p, onu\u0148 saparyny\u0148 dowamynda Merkezi Azi\u00fda d\u00f6wletlerini\u0148 we \u00ddewropa Bilele\u015figini\u0148 da\u015fary sy\u00fdasat edaralaryny\u0148 \u00fdolba\u015f\u00e7ylaryny\u0148 nobatdaky du\u015fu\u015fygyna gatna\u015fjakdygyny a\u00fdtdy we bu du\u015fu\u015fygy\u0148 netijelerini\u0148 \u00ddB bilen k\u00f6ptarapla\u00fdyn hyzmatda\u015flygy has-da \u00f6sd\u00fcrm\u00e4ge \u00fdardam berjekdigine ynam bildirdi.<br \/>\nDu\u015fu\u015fygy\u0148 dowamynda bellenili\u015fi \u00fdaly, T\u00fcrkmenistan \u00ddewropa Bilele\u015figi bilen sy\u00fdasy-diplomatik, s\u00f6wda-ykdysady, medeni-ynsanperwer ulgamlarda hyzmatda\u015flyk etm\u00e4ge uly \u00e4hmi\u00fdet ber\u00fd\u00e4r. So\u0148ky \u00fdyllarda sy\u00fdasy-diplomatik ulgamdaky gatna\u015fyklar di\u0148e bir ikitarapla\u00fdyn d\u00e4l, e\u00fdsem, k\u00f6ptarapla\u00fdyn g\u00f6rn\u00fc\u015fde hem \u00fcst\u00fcnlikli alnyp baryl\u00fdar. \u015eunda \u201cMerkezi Azi\u00fda \u2014 \u00ddewropa Bilele\u015figi\u201d formatyndaky hyzmatda\u015flyga a\u00fdratyn \u00fcns \u00e7ekildi. Merkezi Azi\u00fda d\u00f6wletlerini\u0148 m\u00fcmkin\u00e7ilikleri g\u00f6z \u00f6\u0148\u00fcnde tutulanda, \u00ddewropa Bilele\u015figi bilen netijeli we \u00f6zara b\u00e4hbitli gatna\u015fyklary\u0148 ilerledilmegini\u0148 sebit \u00fc\u00e7in m\u00f6h\u00fcm \u00e4hmi\u00fdeti bardyr. \u015eunu\u0148 bilen baglylykda, s\u00f6hbetde\u015fler \u00d6zbegistan Respublikasyny\u0148 Samarkant \u015f\u00e4herinde ilkinji \u201cMerkezi Azi\u00fda \u2014 \u00ddewropa Bilele\u015figi\u201d sammitini\u0148 ge\u00e7iriljekdigini bell\u00e4p, onu\u0148 iki sebiti\u0148 arasyndaky k\u00f6pugurly, uzak m\u00f6hletle\u00fdin hyzmatda\u015flygy yzygiderli esasda \u00f6sd\u00fcrm\u00e4ge \u00fdardam berjekdigine ynam bildirdiler.<br \/>\nK\u00f6pugurly hyzmatda\u015flygy\u0148 h\u00e4zirki \u00fdagda\u00fdy we ony \u00f6sd\u00fcrmegi\u0148 m\u00fcmkin\u00e7ilikleri barada pikir aly\u015fmagy\u0148 dowamynda T\u00fcrkmenistany\u0148 durmu\u015f-ykdysady \u00f6s\u00fc\u015fine g\u00f6n\u00fckdirilen maksatnamalary durmu\u015fa ge\u00e7irmekde \u00ddewropa Bilele\u015figi bilen \u00fdakyn hyzmatda\u015flygy\u0148 alnyp baryl\u00fdandygy, \u015fol sanda \u00ddewrazi\u00fda gi\u0148i\u015fliginde ulag gatnawlaryny \u00f6sd\u00fcrmek bo\u00fdun\u00e7a iri taslamalary\u0148 birn\u00e4\u00e7esini\u0148 tapgyrla\u00fdyn esasda amala a\u015fyryl\u00fdandygy nygtaldy.<br \/>\nHormatly Prezidentimiz sebiti\u0148 d\u00f6wletleri hem-de abra\u00fdly halkara guramalar bilen bilelikde \u00fdurdumyzy\u0148 Demirgazyk \u2014 G\u00fcnorta we G\u00fcndogar \u2014 G\u00fcnbatar \u00fdaly geljegi uly ulag ge\u00e7elgelerini i\u015fje\u0148 \u00f6sd\u00fcr\u00fd\u00e4ndigini bell\u00e4p, \u015fol ge\u00e7elgeleri\u0148 \u00ddewrazi\u00fda yklymyny\u0148 \u00fdurtlaryny\u0148 arasynda s\u00f6wda-ykdysady gatna\u015fyklary gi\u0148eltmekde ygtybarly k\u00f6pri boljakdygyna ynam bildirdi. D\u00f6wlet Ba\u015ftutanymyz T\u00fcrkmenistany\u0148 \u00ddewropa Bilele\u015figi bilen hyzmatda\u015flyga \u00fdokary baha ber\u00fd\u00e4ndigini a\u00fddyp, \u00fdurdumyzy\u0148 netijeli gatna\u015fyklary mundan be\u00fdl\u00e4k-de pugtalandyrmaga ta\u00fd\u00fdardygyny tassyklady.<br \/>\nDu\u015fu\u015fygy\u0148 ahyrynda hormatly Prezidentimiz Serdar Berdimuhamedow hem-de \u00ddewropa Bilele\u015figini\u0148 da\u015fary i\u015fler we howpsuzlyk sy\u00fdasaty bo\u00fdun\u00e7a \u00fdokary wekili, \u00ddewropa Komissi\u00fdasyny\u0148 wise-prezidenti Ka\u00fda Kallas \u00f6zara b\u00e4hbitli hyzmatda\u015flygy\u0148 geljekde-de \u00fcst\u00fcnlikli \u00f6sd\u00fcriljekdigine ynam bildirip, birek-birege i\u0148 gowy arzuwlaryny be\u00fdan etdiler.<\/p>\n","protected":false},"excerpt":{"rendered":"<p>27-nji martda hormatly Prezidentimiz Serdar Berdimuhamedow \u00ddewropa Bilele\u015figini\u0148 da\u015fary i\u015fler we howpsuzlyk sy\u00fdasaty bo\u00fdun\u00e7a \u00fdokary wekili, \u00ddewropa Komissi\u00fdasyny\u0148 wise-prezidenti hanym Ka\u00fda Kallasy kabul etdi. \u00ddewropa Bilele\u015figini\u0148 \u00fdokary wekili \u00f6zara hyzmatda\u015flygy\u0148 ileri tutul\u00fdan ugurlary bo\u00fdun\u00e7a pikir aly\u015fmaga d\u00f6redilen m\u00fcmkin\u00e7ilik \u00fc\u00e7in ho\u015fallygyny bildirip, \u00ddewropa Bilele\u015figinde T\u00fcrkmenistany\u0148 \u00e4hli ulgamlarda gazan\u00fdan \u00fcst\u00fcnliklerine \u00fdokary baha beril\u00fd\u00e4ndigini belledi. \u015ee\u00fdle hem myhman [&hellip;]<\/p>\n","protected":false},"author":2,"featured_media":130419,"comment_status":"open","ping_status":"closed","sticky":false,"template":"","format":"standard","meta":{"footnotes":""},"categories":[3],"tags":[],"acf":[],"_links":{"self":[{"href":"https:\/\/zamanturkmenistan.com.tm\/index.php?rest_route=\/wp\/v2\/posts\/130418"}],"collection":[{"href":"https:\/\/zamanturkmenistan.com.tm\/index.php?rest_route=\/wp\/v2\/posts"}],"about":[{"href":"https:\/\/zamanturkmenistan.com.tm\/index.php?rest_route=\/wp\/v2\/types\/post"}],"author":[{"embeddable":true,"href":"https:\/\/zamanturkmenistan.com.tm\/index.php?rest_route=\/wp\/v2\/users\/2"}],"replies":[{"embeddable":true,"href":"https:\/\/zamanturkmenistan.com.tm\/index.php?rest_route=%2Fwp%2Fv2%2Fcomments&post=130418"}],"version-history":[{"count":1,"href":"https:\/\/zamanturkmenistan.com.tm\/index.php?rest_route=\/wp\/v2\/posts\/130418\/revisions"}],"predecessor-version":[{"id":130420,"href":"https:\/\/zamanturkmenistan.com.tm\/index.php?rest_route=\/wp\/v2\/posts\/130418\/revisions\/130420"}],"wp:featuredmedia":[{"embeddable":true,"href":"https:\/\/zamanturkmenistan.com.tm\/index.php?rest_route=\/wp\/v2\/media\/130419"}],"wp:attachment":[{"href":"https:\/\/zamanturkmenistan.com.tm\/index.php?rest_route=%2Fwp%2Fv2%2Fmedia&parent=130418"}],"wp:term":[{"taxonomy":"category","embeddable":true,"href":"https:\/\/zamanturkmenistan.com.tm\/index.php?rest_route=%2Fwp%2Fv2%2Fcategories&post=130418"},{"taxonomy":"post_tag","embeddable":true,"href":"https:\/\/zamanturkmenistan.com.tm\/index.php?rest_route=%2Fwp%2Fv2%2Ftags&post=130418"}],"curies":[{"name":"wp","href":"https:\/\/api.w.org\/{rel}","templated":true}]}}