{"id":130514,"date":"2025-03-28T15:46:14","date_gmt":"2025-03-28T10:46:14","guid":{"rendered":"https:\/\/zamanturkmenistan.com.tm\/?p=130514"},"modified":"2025-03-28T15:46:14","modified_gmt":"2025-03-28T10:46:14","slug":"yewropanyn-in-uly-taslamasy","status":"publish","type":"post","link":"https:\/\/zamanturkmenistan.com.tm\/?p=130514","title":{"rendered":"\u00ddew\u00adro\u00adpa\u00adny\u0148 i\u0148 uly taslamasy"},"content":{"rendered":"<p>Da\u00adni\u00ad\u00fda\u00adny\u0148 g\u00fc\u00adnor\u00adta\u00adsyn\u00adda \u00ddew\u00adro\u00adpa\u00adny\u0148 i\u0148 uly des\u00adga\u00adsy\u00adny\u0148 gur\u00adlu\u00ad\u015fy\u00adgy do\u00adwam ed\u00ad\u00fd\u00e4r. Bu \u00fder\u00adde Bal\u00adti\u00adka de\u0148\u00adzi\u00adni\u0148 as\u00adtyn\u00addan ge\u00ad\u00e7ip, Ger\u00adma\u00adni\u00ad\u00fda bi\u00adlen Da\u00adni\u00ad\u00fda\u00adny bi\u00adrik\u00addir\u00adjek su\u00adwas\u00adty ge\u00ad\u00e7el\u00adge gu\u00adrul\u00ad\u00fdar. Tun\u00adnel\u00adden aw\u00adtou\u00adlag hem-de de\u00admir\u00ad \u00fdol ge\u00ad\u00e7er. Uzyn\u00adly\u00adgy 18 ki\u00adlo\u00admetr bol\u00adjak \u00abFeh\u00admarn\u00adbelt\u00bb ge\u00ad\u00e7el\u00adge\u00adsini Bri\u00adta\u00adni\u00ad\u00fda bi\u00adlen Fran\u00adsi\u00ad\u00fda\u00adny\u0148 ara\u00adly\u00adgyn\u00adda\u00adky uzyn\u00adly\u00adgy 50 ki\u00adlo\u00admetr bo\u00adlan \u00ddew\u00adro\u00adtun\u00adnel bi\u00adlen de\u00ad\u0148e\u015f\u00addi\u00adrip bol\u00admaz, \u00fd\u00f6\u00adne bu tun\u00adnel su\u00adwu\u0148 has a\u015fa\u00adgyn\u00addan ge\u00e7\u00ad\u00fd\u00e4n\u00addi\u00adgi bi\u00adlen ta\u00adpa\u00adwut\u00adlan\u00ad\u00fdar. 40 metr \u00e7u\u0148\u00adluk\u00adda gu\u00adrul\u00ad\u00fdan \u00f6t\u00fck Bal\u00adti\u00adka de\u0148\u00adzin\u00adde Da\u00adni\u00ad\u00fda\u00adny\u0148 Lol\u00adland hem-de Ger\u00adma\u00adni\u00ad\u00fda\u00adny\u0148 Feh\u00admarn ada\u00adla\u00adry\u00adny bi\u00adrik\u00addi\u00adrer. Bu tun\u00adnel\u00adde iki ta\u00adrap\u00adla\u00ad\u00fdyn de\u00admir\u00ad \u00fdol hem-de d\u00f6rt zo\u00adlak\u00adly aw\u00adto\u00ad\u00fdol bo\u00adlar. Skan\u00addi\u00adna\u00adwi\u00ad\u00fda bi\u00adlen Mer\u00adke\u00adzi \u00ddew\u00adro\u00adpa d\u00f6w\u00adlet\u00adle\u00adri\u00adni bi\u00adrik\u00addir\u00adjek tas\u00adla\u00adma\u00adny\u0148 ba\u00adha\u00adsy\u00adny\u0148<br \/>\n7 mil\u00adliard \u00fdew\u00adro\u00addy\u00adgy m\u00e4\u00adlim edil\u00addi. Tun\u00adnel\u00adden ot\u00adlu\u00adlar 7 mi\u00adnut\u00adda, aw\u00adtou\u00adlag\u00adlar 10 mi\u00adnut\u00adda ge\u00ad\u00e7er. Tas\u00adla\u00adma\u00adny\u0148 2029-njy \u00fdyl\u00adda ta\u00admam\u00adlan\u00adma\u00adgy\u00adna ga\u00adra\u00ad\u015fyl\u00ad\u00fdar.<\/p>\n<p style=\"text-align: right;\"><strong>Ol\u00adga BU\u00adKI\u00adNA, <\/strong><br \/>\n<strong>A\u015fgabat \u015f\u00e4her medeni\u00fdet m\u00fcdirligini\u0148 Merkezle\u015fdirilen kitaphanalar ulgamyny\u0148<\/strong><br \/>\n<strong>Ne\u015firleri toplamak we i\u015flemek b\u00f6l\u00fcmini\u0148 m\u00fcdiri.<\/strong><\/p>\n","protected":false},"excerpt":{"rendered":"<p>Da\u00adni\u00ad\u00fda\u00adny\u0148 g\u00fc\u00adnor\u00adta\u00adsyn\u00adda \u00ddew\u00adro\u00adpa\u00adny\u0148 i\u0148 uly des\u00adga\u00adsy\u00adny\u0148 gur\u00adlu\u00ad\u015fy\u00adgy do\u00adwam ed\u00ad\u00fd\u00e4r. Bu \u00fder\u00adde Bal\u00adti\u00adka de\u0148\u00adzi\u00adni\u0148 as\u00adtyn\u00addan ge\u00ad\u00e7ip, Ger\u00adma\u00adni\u00ad\u00fda bi\u00adlen Da\u00adni\u00ad\u00fda\u00adny bi\u00adrik\u00addir\u00adjek su\u00adwas\u00adty ge\u00ad\u00e7el\u00adge gu\u00adrul\u00ad\u00fdar. Tun\u00adnel\u00adden aw\u00adtou\u00adlag hem-de de\u00admir\u00ad \u00fdol ge\u00ad\u00e7er. Uzyn\u00adly\u00adgy 18 ki\u00adlo\u00admetr bol\u00adjak \u00abFeh\u00admarn\u00adbelt\u00bb ge\u00ad\u00e7el\u00adge\u00adsini Bri\u00adta\u00adni\u00ad\u00fda bi\u00adlen Fran\u00adsi\u00ad\u00fda\u00adny\u0148 ara\u00adly\u00adgyn\u00adda\u00adky uzyn\u00adly\u00adgy 50 ki\u00adlo\u00admetr bo\u00adlan \u00ddew\u00adro\u00adtun\u00adnel bi\u00adlen de\u00ad\u0148e\u015f\u00addi\u00adrip bol\u00admaz, \u00fd\u00f6\u00adne bu tun\u00adnel su\u00adwu\u0148 has a\u015fa\u00adgyn\u00addan ge\u00e7\u00ad\u00fd\u00e4n\u00addi\u00adgi bi\u00adlen ta\u00adpa\u00adwut\u00adlan\u00ad\u00fdar. [&hellip;]<\/p>\n","protected":false},"author":2,"featured_media":130515,"comment_status":"open","ping_status":"closed","sticky":false,"template":"","format":"standard","meta":{"footnotes":""},"categories":[5],"tags":[],"acf":[],"_links":{"self":[{"href":"https:\/\/zamanturkmenistan.com.tm\/index.php?rest_route=\/wp\/v2\/posts\/130514"}],"collection":[{"href":"https:\/\/zamanturkmenistan.com.tm\/index.php?rest_route=\/wp\/v2\/posts"}],"about":[{"href":"https:\/\/zamanturkmenistan.com.tm\/index.php?rest_route=\/wp\/v2\/types\/post"}],"author":[{"embeddable":true,"href":"https:\/\/zamanturkmenistan.com.tm\/index.php?rest_route=\/wp\/v2\/users\/2"}],"replies":[{"embeddable":true,"href":"https:\/\/zamanturkmenistan.com.tm\/index.php?rest_route=%2Fwp%2Fv2%2Fcomments&post=130514"}],"version-history":[{"count":1,"href":"https:\/\/zamanturkmenistan.com.tm\/index.php?rest_route=\/wp\/v2\/posts\/130514\/revisions"}],"predecessor-version":[{"id":130516,"href":"https:\/\/zamanturkmenistan.com.tm\/index.php?rest_route=\/wp\/v2\/posts\/130514\/revisions\/130516"}],"wp:featuredmedia":[{"embeddable":true,"href":"https:\/\/zamanturkmenistan.com.tm\/index.php?rest_route=\/wp\/v2\/media\/130515"}],"wp:attachment":[{"href":"https:\/\/zamanturkmenistan.com.tm\/index.php?rest_route=%2Fwp%2Fv2%2Fmedia&parent=130514"}],"wp:term":[{"taxonomy":"category","embeddable":true,"href":"https:\/\/zamanturkmenistan.com.tm\/index.php?rest_route=%2Fwp%2Fv2%2Fcategories&post=130514"},{"taxonomy":"post_tag","embeddable":true,"href":"https:\/\/zamanturkmenistan.com.tm\/index.php?rest_route=%2Fwp%2Fv2%2Ftags&post=130514"}],"curies":[{"name":"wp","href":"https:\/\/api.w.org\/{rel}","templated":true}]}}