{"id":13063,"date":"2018-03-31T19:25:15","date_gmt":"2018-03-31T14:25:15","guid":{"rendered":"http:\/\/zamanturkmenistan.com\/?p=13063"},"modified":"2018-03-31T20:04:20","modified_gmt":"2018-03-31T15:04:20","slug":"mek%c2%adde%c2%adbe-cen%c2%adli-hok%c2%adma%c2%adny-bi%c2%adlim","status":"publish","type":"post","link":"https:\/\/zamanturkmenistan.com.tm\/?p=13063","title":{"rendered":"Mek\u00adde\u00adbe \u00e7en\u00adli h\u00f6k\u00adma\u00adny bi\u00adlim"},"content":{"rendered":"<p>Fran\u00adsi\u00ad\u00fda\u00adny\u0148 Pre\u00adzi\u00adden\u00adti Em\u00adma\u00adnu\u00adel Mak\u00adron mek\u00adde\u00adbe \u00e7en\u00adli h\u00f6k\u00adma\u00adny bi\u00adlim re\u00adfor\u00adma\u00adsy\u00adny dur\u00admu\u00ad\u015fa ge\u00ad\u00e7ir\u00admek ha\u00adkyn\u00adda ka\u00adra\u00adra gol \u00e7ek\u00addi. Bu re\u00adfor\u00adma\u00adny\u0148 in\u00addi\u00adki \u00fdyl g\u00fc\u00fd\u00adje gir\u00adjek\u00addi\u00adgi m\u00e4\u00adlim edil\u00addi. 2019-njy \u00fdy\u00adly\u0148 sent\u00ad\u00fdabr a\u00fdyn\u00addan ba\u015f\u00adlap, 3 \u00fda\u00ad\u015fyn\u00adda\u00adky \u00e7a\u00adga\u00adla\u00adry\u0148 h\u00f6k\u00adma\u00adny ter\u00adtip\u00adde \u00e7a\u00adga\u00adlar ba\u00adgy\u00adna gat\u00adna\u00addyl\u00adma\u00adgy g\u00f6z \u00f6\u0148\u00fcn\u00adde tu\u00adtul\u00ad\u00fdar. Bu ba\u00adra\u00adda \u201cLe Mon\u00adde\u201d ga\u00adze\u00adti ha\u00adbar ber\u00ad\u00fd\u00e4r.<br \/>\nEm\u00adma\u00adnu\u00adel Mak\u00adro\u00adny\u0148 pi\u00adki\u00adri\u00adne g\u00f6\u00adr\u00e4, mek\u00adde\u00adbe \u00e7en\u00adli h\u00f6k\u00adma\u00adny bi\u00adlim d\u00fcz\u00adg\u00fc\u00adni\u00adni\u0148 gi\u00adri\u00adzil\u00adme\u00adgi \u00fdur\u00addu\u0148 umu\u00admy bi\u00adlim ul\u00adga\u00admyn\u00adda \u00e7a\u00adga\u00adlar bag\u00adla\u00adry\u00adny\u0148 or\u00adnu\u00adny has-da \u00fdo\u00adkar\u00adlan\u00addy\u00adrar. 2015-2016-njy \u00fdyl\u00adlar\u00adda Fran\u00adsi\u00ad\u00fda\u00adda 3 \u00fda\u00ad\u015fyn\u00adda\u00adky \u00e7a\u00adga\u00adla\u00adry\u0148 98 g\u00f6\u00adte\u00adri\u00admi mek\u00adde\u00adbe \u00e7en\u00adli bi\u00adlim eda\u00adra\u00adla\u00adryn\u00adda sowat al\u00addy\u00adlar. \u00ddur\u00addu\u0148 se\u00adbit\u00adle\u00adri bo\u00ad\u00fdun\u00ad\u00e7a \u00e7a\u00adga\u00adlar ba\u00adgy\u00adna gat\u00adna\u00adma\u00adgy\u0148 g\u00f6r\u00adke\u00adzi\u00adji\u00adsi d\u00fcr\u00adli-d\u00fcr\u00adl\u00fc\u00addir. Pa\u00fd\u00adtagt Pa\u00adri\u017e\u00adde \u00e7a\u00adga\u00adla\u00adry\u0148 93 g\u00f6\u00adte\u00adri\u00admi \u00e7a\u00adga\u00adlar ba\u00adgy\u00adna gat\u00adna\u00ad\u00fdan bol\u00adsa, da\u015f\u00adrak se\u00adbit\u00adler\u00adde bu g\u00f6r\u00adke\u00adzi\u00adji 70 g\u00f6\u00adte\u00adri\u00adme de\u0148\u00addir.<br \/>\nUmu\u00adman, 1989-njy \u00fdyl\u00addan b\u00e4\u00adri ki\u00ad\u00e7i \u00fda\u015f\u00adly fran\u00adsuz\u00adlar 6 \u00fda\u00ad\u015fa \u00e7en\u00adli \u00e7a\u00adga\u00adlar bag\u00adla\u00adry\u00adna gat\u00adnap, bi\u00adlim al\u00ad\u00fdar\u00adlar. In\u00addi \u00fdur\u00addu\u0148 Pre\u00adzi\u00adden\u00adti\u00adni\u0148 de\u00adgi\u015f\u00adli ka\u00adra\u00adry esa\u00adsyn\u00adda mek\u00adde\u00adbe \u00e7en\u00adli bi\u00adlim h\u00f6k\u00adma\u00adny \u00fdag\u00adda\u00ad\u00fdy\u00adna ge\u00adti\u00adril\u00addi.<br \/>\nH\u00e4\u00adzir\u00adki wagt\u00adda Fran\u00adsi\u00ad\u00fda\u00adda h\u00f6k\u00adma\u00adny bi\u00adlim 6-16 \u00fda\u015f ara\u00adly\u00adgyn\u00adda\u00addyr. Bu h\u00f6k\u00adma\u00adny bi\u00adlim d\u00fcz\u00adg\u00fcn\u00adle\u00adri\u00adni bo\u00adzan ene-ata\u00adlar 1,5 m\u00fc\u0148 \u00fdew\u00adro je\u00adri\u00adme t\u00f6\u00adle\u00fd\u00e4r\u00adler.<\/p>\n","protected":false},"excerpt":{"rendered":"<p>Fran\u00adsi\u00ad\u00fda\u00adny\u0148 Pre\u00adzi\u00adden\u00adti Em\u00adma\u00adnu\u00adel Mak\u00adron mek\u00adde\u00adbe \u00e7en\u00adli h\u00f6k\u00adma\u00adny bi\u00adlim re\u00adfor\u00adma\u00adsy\u00adny dur\u00admu\u00ad\u015fa ge\u00ad\u00e7ir\u00admek ha\u00adkyn\u00adda ka\u00adra\u00adra gol \u00e7ek\u00addi. Bu re\u00adfor\u00adma\u00adny\u0148 in\u00addi\u00adki \u00fdyl g\u00fc\u00fd\u00adje gir\u00adjek\u00addi\u00adgi m\u00e4\u00adlim edil\u00addi. 2019-njy \u00fdy\u00adly\u0148 sent\u00ad\u00fdabr a\u00fdyn\u00addan ba\u015f\u00adlap, 3 \u00fda\u00ad\u015fyn\u00adda\u00adky \u00e7a\u00adga\u00adla\u00adry\u0148 h\u00f6k\u00adma\u00adny ter\u00adtip\u00adde \u00e7a\u00adga\u00adlar ba\u00adgy\u00adna gat\u00adna\u00addyl\u00adma\u00adgy g\u00f6z \u00f6\u0148\u00fcn\u00adde tu\u00adtul\u00ad\u00fdar. Bu ba\u00adra\u00adda \u201cLe Mon\u00adde\u201d ga\u00adze\u00adti ha\u00adbar ber\u00ad\u00fd\u00e4r. Em\u00adma\u00adnu\u00adel Mak\u00adro\u00adny\u0148 pi\u00adki\u00adri\u00adne g\u00f6\u00adr\u00e4, mek\u00adde\u00adbe \u00e7en\u00adli h\u00f6k\u00adma\u00adny bi\u00adlim d\u00fcz\u00adg\u00fc\u00adni\u00adni\u0148 [&hellip;]<\/p>\n","protected":false},"author":1,"featured_media":13064,"comment_status":"open","ping_status":"closed","sticky":false,"template":"","format":"standard","meta":{"footnotes":""},"categories":[5],"tags":[],"acf":[],"_links":{"self":[{"href":"https:\/\/zamanturkmenistan.com.tm\/index.php?rest_route=\/wp\/v2\/posts\/13063"}],"collection":[{"href":"https:\/\/zamanturkmenistan.com.tm\/index.php?rest_route=\/wp\/v2\/posts"}],"about":[{"href":"https:\/\/zamanturkmenistan.com.tm\/index.php?rest_route=\/wp\/v2\/types\/post"}],"author":[{"embeddable":true,"href":"https:\/\/zamanturkmenistan.com.tm\/index.php?rest_route=\/wp\/v2\/users\/1"}],"replies":[{"embeddable":true,"href":"https:\/\/zamanturkmenistan.com.tm\/index.php?rest_route=%2Fwp%2Fv2%2Fcomments&post=13063"}],"version-history":[{"count":0,"href":"https:\/\/zamanturkmenistan.com.tm\/index.php?rest_route=\/wp\/v2\/posts\/13063\/revisions"}],"wp:featuredmedia":[{"embeddable":true,"href":"https:\/\/zamanturkmenistan.com.tm\/index.php?rest_route=\/wp\/v2\/media\/13064"}],"wp:attachment":[{"href":"https:\/\/zamanturkmenistan.com.tm\/index.php?rest_route=%2Fwp%2Fv2%2Fmedia&parent=13063"}],"wp:term":[{"taxonomy":"category","embeddable":true,"href":"https:\/\/zamanturkmenistan.com.tm\/index.php?rest_route=%2Fwp%2Fv2%2Fcategories&post=13063"},{"taxonomy":"post_tag","embeddable":true,"href":"https:\/\/zamanturkmenistan.com.tm\/index.php?rest_route=%2Fwp%2Fv2%2Ftags&post=13063"}],"curies":[{"name":"wp","href":"https:\/\/api.w.org\/{rel}","templated":true}]}}