{"id":130647,"date":"2025-03-29T10:03:21","date_gmt":"2025-03-29T05:03:21","guid":{"rendered":"https:\/\/zamanturkmenistan.com.tm\/?p=130647"},"modified":"2025-03-29T10:03:21","modified_gmt":"2025-03-29T05:03:21","slug":"yurdumyz-ekspo-2027-butindunya-yoritelesdirilen-sergisine-gatnasar","status":"publish","type":"post","link":"https:\/\/zamanturkmenistan.com.tm\/?p=130647","title":{"rendered":"\u00ddurdumyz \u00abEKSPO \u2014 2027\u00bb B\u00fctind\u00fcn\u00fd\u00e4 \u00fd\u00f6ritele\u015fdirilen sergisine gatna\u015far"},"content":{"rendered":"<p>Serbi\u00fda Respublikasyny\u0148 Belgrad \u015f\u00e4herinde \u00abEKSPO \u2014 2027\u00bb B\u00fctind\u00fcn\u00fd\u00e4 \u00fd\u00f6ritele\u015fdirilen sergisi ge\u00e7iriler. 2027-nji \u00fdyly\u0148 15-nji ma\u00fdy \u2014 15-nji awgusty aralygynda ge\u00e7iriljek bu serg\u00e4 T\u00fcrkmenistany\u0148 \u00fdokary derejede gatna\u015fmagyny \u00fcpj\u00fcn etmek maksady bilen, S\u00f6wda we da\u015fary ykdysady aragatna\u015fyklar ministrligi tarapyndan degi\u015fli i\u015fler alnyp baryl\u00fdar. \u201cO\u00fdun adamzat \u00fc\u00e7in: sport we saz hemmeler \u00fc\u00e7in\u201d di\u00fden \u015fygar astynda ge\u00e7iriljek serg\u00e4 \u00fdurdumyzy\u0148 gatna\u015fmagyny\u0148 gurama\u00e7ylyk meseleleri bo\u00fdun\u00e7a degi\u015fli i\u015fler alnyp baryl\u00fdar. Bu barada 28-nji martda ge\u00e7irilen sanly ulgam arkaly Ministrler Kabinetini\u0148 mejlisinde Ministrler Kabinetini\u0148 Ba\u015flygyny\u0148 orunbasary N.Ataguly\u00fdew hasabat berdi.<\/p>\n","protected":false},"excerpt":{"rendered":"<p>Serbi\u00fda Respublikasyny\u0148 Belgrad \u015f\u00e4herinde \u00abEKSPO \u2014 2027\u00bb B\u00fctind\u00fcn\u00fd\u00e4 \u00fd\u00f6ritele\u015fdirilen sergisi ge\u00e7iriler. 2027-nji \u00fdyly\u0148 15-nji ma\u00fdy \u2014 15-nji awgusty aralygynda ge\u00e7iriljek bu serg\u00e4 T\u00fcrkmenistany\u0148 \u00fdokary derejede gatna\u015fmagyny \u00fcpj\u00fcn etmek maksady bilen, S\u00f6wda we da\u015fary ykdysady aragatna\u015fyklar ministrligi tarapyndan degi\u015fli i\u015fler alnyp baryl\u00fdar. \u201cO\u00fdun adamzat \u00fc\u00e7in: sport we saz hemmeler \u00fc\u00e7in\u201d di\u00fden \u015fygar astynda ge\u00e7iriljek serg\u00e4 \u00fdurdumyzy\u0148 [&hellip;]<\/p>\n","protected":false},"author":2,"featured_media":130648,"comment_status":"open","ping_status":"closed","sticky":false,"template":"","format":"standard","meta":{"footnotes":""},"categories":[3],"tags":[],"acf":[],"_links":{"self":[{"href":"https:\/\/zamanturkmenistan.com.tm\/index.php?rest_route=\/wp\/v2\/posts\/130647"}],"collection":[{"href":"https:\/\/zamanturkmenistan.com.tm\/index.php?rest_route=\/wp\/v2\/posts"}],"about":[{"href":"https:\/\/zamanturkmenistan.com.tm\/index.php?rest_route=\/wp\/v2\/types\/post"}],"author":[{"embeddable":true,"href":"https:\/\/zamanturkmenistan.com.tm\/index.php?rest_route=\/wp\/v2\/users\/2"}],"replies":[{"embeddable":true,"href":"https:\/\/zamanturkmenistan.com.tm\/index.php?rest_route=%2Fwp%2Fv2%2Fcomments&post=130647"}],"version-history":[{"count":1,"href":"https:\/\/zamanturkmenistan.com.tm\/index.php?rest_route=\/wp\/v2\/posts\/130647\/revisions"}],"predecessor-version":[{"id":130649,"href":"https:\/\/zamanturkmenistan.com.tm\/index.php?rest_route=\/wp\/v2\/posts\/130647\/revisions\/130649"}],"wp:featuredmedia":[{"embeddable":true,"href":"https:\/\/zamanturkmenistan.com.tm\/index.php?rest_route=\/wp\/v2\/media\/130648"}],"wp:attachment":[{"href":"https:\/\/zamanturkmenistan.com.tm\/index.php?rest_route=%2Fwp%2Fv2%2Fmedia&parent=130647"}],"wp:term":[{"taxonomy":"category","embeddable":true,"href":"https:\/\/zamanturkmenistan.com.tm\/index.php?rest_route=%2Fwp%2Fv2%2Fcategories&post=130647"},{"taxonomy":"post_tag","embeddable":true,"href":"https:\/\/zamanturkmenistan.com.tm\/index.php?rest_route=%2Fwp%2Fv2%2Ftags&post=130647"}],"curies":[{"name":"wp","href":"https:\/\/api.w.org\/{rel}","templated":true}]}}