{"id":130650,"date":"2025-03-29T10:05:28","date_gmt":"2025-03-29T05:05:28","guid":{"rendered":"https:\/\/zamanturkmenistan.com.tm\/?p=130650"},"modified":"2025-03-29T10:05:28","modified_gmt":"2025-03-29T05:05:28","slug":"turkmenistanyn-prezidenti-merkezi-aziya-yurtlarynyn-dowlet-bastutanlarynyn-sammitine-gatnasar","status":"publish","type":"post","link":"https:\/\/zamanturkmenistan.com.tm\/?p=130650","title":{"rendered":"T\u00fcrkmenistany\u0148 Prezidenti Merkezi Azi\u00fda \u00fdurtlaryny\u0148 d\u00f6wlet Ba\u015ftutanlaryny\u0148 sammitine gatna\u015far"},"content":{"rendered":"<p>28-nji martda ge\u00e7irilen sanly ulgam arkaly Ministrler Kabinetini\u0148 mejlisinde Ministrler Kabinetini\u0148 Ba\u015flygyny\u0148 orunbasary, da\u015fary i\u015fler ministri R.Meredow T\u00fcrkmenistan bilen \u00ddewropa Bilele\u015figini\u0148 arasyndaky hyzmatda\u015flygy mundan be\u00fdl\u00e4k-de \u00f6sd\u00fcrmek bo\u00fdun\u00e7a alnyp baryl\u00fdan i\u015fler barada hasabat berdi.<br \/>\n\u00abMerkezi Azi\u00fda \u2014 \u00ddewropa Bilele\u015figi\u00bb formatyndaky hyzmatda\u015flygy\u0148 \u00e7\u00e4klerinde 27-nji martda A\u015fgabatda Merkezi Azi\u00fda \u00fdurtlaryny\u0148 we \u00ddewropa Bilele\u015figini\u0148 da\u015fary sy\u00fdasat edaralaryny\u0148 \u00fdolba\u015f\u00e7ylaryny\u0148 20-nji du\u015fu\u015fygy ge\u00e7irildi. Onu\u0148 netijeleri bo\u00fdun\u00e7a Bilelikd\u00e4ki Be\u00fdanat kabul edildi. \u015ee\u00fdle hem du\u015fu\u015fygy\u0148 \u00e7\u00e4klerinde \u00abHalkara parahat\u00e7ylyk we ynany\u015fmak \u00fdyly: Merkezi Azi\u00fdany\u0148 we \u00ddewropa Bilele\u015figini\u0148 arasynda hyzmatda\u015flygy \u00e7u\u0148la\u015fdyrmak\u00bb atly utga\u015fykly maslahat ge\u00e7irildi. Mundan ba\u015fga-da, du\u015fu\u015fykda Merkezi Azi\u00fda \u00fdurtlaryny\u0148 d\u00f6wlet Ba\u015ftutanlaryny\u0148 hem-de \u00ddewropa Ge\u0148e\u015fini\u0148 we \u00ddewropa Komissi\u00fdasyny\u0148 ba\u015flyklaryny\u0148 gatna\u015fmagynda Samarkantda ge\u00e7iriljek sammite ta\u00fd\u00fdarlyk g\u00f6rmek bilen baglany\u015fykly meseleler ara alnyp maslahatla\u015fyldy. Sammiti\u0148 g\u00fcn tertibine s\u00f6wda-ykdysady, ma\u00fda go\u00fdum, medeni-ynsanperwer ulgamlardaky hyzmatda\u015flygy\u0148 m\u00fcmkin\u00e7ilikleri, energi\u00fdany\u0148 ga\u00fdtadan dikeldil\u00fd\u00e4n \u00e7e\u015fmeleri, \u201c\u00fda\u015fyl\u201d ykdysady\u00fdet, ulag, sanlyla\u015fdyrmak \u00fdaly ugurlarda \u00f6zara gatna\u015fyklary i\u015fje\u0148le\u015fdirmek bilen bagly meseleler girizildi. \u015ee\u00fdle-de sammiti\u0148 \u00e7\u00e4klerinde birn\u00e4\u00e7e \u00fdokary derejeli ikitarapla\u00fdyn du\u015fu\u015fyklary\u0148 ge\u00e7irilmegi me\u00fdille\u015fdiril\u00fd\u00e4r.<br \/>\nHormatly Prezidentimiz hasabaty di\u0148l\u00e4p, \u00fdurdumyzy\u0148 halkara guramalar bilen hyzmatda\u015flygy \u00f6sd\u00fcrmek bo\u00fdun\u00e7a zerur tagallalary ed\u00fd\u00e4ndigini, \u015fol sanda \u00ddewropa Bilele\u015figi bilen \u00fdola go\u00fdlan gatna\u015fyklara hem a\u00fdratyn \u00e4hmi\u00fdet ber\u00fd\u00e4ndigini belledi. D\u00f6wlet Ba\u015ftutanymyz T\u00fcrkmenistan bilen \u00ddewropa Bilele\u015figini\u0148 arasyndaky hyzmatda\u015flygy ilerletmegi dowam etdirmegi\u0148 m\u00f6h\u00fcmdigini a\u00fddyp, wise-prem\u00fder, da\u015fary i\u015fler ministrine degi\u015fli tab\u015fyryklary berdi. \u015ee\u00fdle-de d\u00f6wlet Ba\u015ftutanymyz \u00d6zbegistan Respublikasyna boljak i\u015f saparyna \u00fdokary derejede ta\u00fd\u00fdarlyk g\u00f6rmegi tab\u015fyrdy.<\/p>\n","protected":false},"excerpt":{"rendered":"<p>28-nji martda ge\u00e7irilen sanly ulgam arkaly Ministrler Kabinetini\u0148 mejlisinde Ministrler Kabinetini\u0148 Ba\u015flygyny\u0148 orunbasary, da\u015fary i\u015fler ministri R.Meredow T\u00fcrkmenistan bilen \u00ddewropa Bilele\u015figini\u0148 arasyndaky hyzmatda\u015flygy mundan be\u00fdl\u00e4k-de \u00f6sd\u00fcrmek bo\u00fdun\u00e7a alnyp baryl\u00fdan i\u015fler barada hasabat berdi. \u00abMerkezi Azi\u00fda \u2014 \u00ddewropa Bilele\u015figi\u00bb formatyndaky hyzmatda\u015flygy\u0148 \u00e7\u00e4klerinde 27-nji martda A\u015fgabatda Merkezi Azi\u00fda \u00fdurtlaryny\u0148 we \u00ddewropa Bilele\u015figini\u0148 da\u015fary sy\u00fdasat edaralaryny\u0148 \u00fdolba\u015f\u00e7ylaryny\u0148 20-nji [&hellip;]<\/p>\n","protected":false},"author":2,"featured_media":104483,"comment_status":"open","ping_status":"closed","sticky":false,"template":"","format":"standard","meta":{"footnotes":""},"categories":[3],"tags":[],"acf":[],"_links":{"self":[{"href":"https:\/\/zamanturkmenistan.com.tm\/index.php?rest_route=\/wp\/v2\/posts\/130650"}],"collection":[{"href":"https:\/\/zamanturkmenistan.com.tm\/index.php?rest_route=\/wp\/v2\/posts"}],"about":[{"href":"https:\/\/zamanturkmenistan.com.tm\/index.php?rest_route=\/wp\/v2\/types\/post"}],"author":[{"embeddable":true,"href":"https:\/\/zamanturkmenistan.com.tm\/index.php?rest_route=\/wp\/v2\/users\/2"}],"replies":[{"embeddable":true,"href":"https:\/\/zamanturkmenistan.com.tm\/index.php?rest_route=%2Fwp%2Fv2%2Fcomments&post=130650"}],"version-history":[{"count":1,"href":"https:\/\/zamanturkmenistan.com.tm\/index.php?rest_route=\/wp\/v2\/posts\/130650\/revisions"}],"predecessor-version":[{"id":130651,"href":"https:\/\/zamanturkmenistan.com.tm\/index.php?rest_route=\/wp\/v2\/posts\/130650\/revisions\/130651"}],"wp:featuredmedia":[{"embeddable":true,"href":"https:\/\/zamanturkmenistan.com.tm\/index.php?rest_route=\/wp\/v2\/media\/104483"}],"wp:attachment":[{"href":"https:\/\/zamanturkmenistan.com.tm\/index.php?rest_route=%2Fwp%2Fv2%2Fmedia&parent=130650"}],"wp:term":[{"taxonomy":"category","embeddable":true,"href":"https:\/\/zamanturkmenistan.com.tm\/index.php?rest_route=%2Fwp%2Fv2%2Fcategories&post=130650"},{"taxonomy":"post_tag","embeddable":true,"href":"https:\/\/zamanturkmenistan.com.tm\/index.php?rest_route=%2Fwp%2Fv2%2Ftags&post=130650"}],"curies":[{"name":"wp","href":"https:\/\/api.w.org\/{rel}","templated":true}]}}