{"id":130652,"date":"2025-03-29T10:13:33","date_gmt":"2025-03-29T05:13:33","guid":{"rendered":"https:\/\/zamanturkmenistan.com.tm\/?p=130652"},"modified":"2025-03-29T11:03:42","modified_gmt":"2025-03-29T06:03:42","slug":"maya-kulyyewanyn-doglan-gununin-105-yyllygyna-bagyslanyp-doredijilik-caresi-geciriler","status":"publish","type":"post","link":"https:\/\/zamanturkmenistan.com.tm\/?p=130652","title":{"rendered":"Ma\u00fda Kuly\u00fdewany\u0148 doglan g\u00fcn\u00fcni\u0148 105 \u00fdyllygyna bagy\u015flanyp d\u00f6redijilik \u00e7\u00e4resi ge\u00e7iriler"},"content":{"rendered":"<p>Aprel a\u00fdyny\u0148 dowamynda 2025-nji \u00fdyly\u0148 \u201cHalkara parahat\u00e7ylyk we ynany\u015fmak \u00fdyly\u201d di\u00fdlip yglan edilmegi, hemi\u015felik Bitaraplygymyzy\u0148 30 \u00fdyllygy, BMG-ni\u0148 Ba\u015f Assamble\u00fdasy tarapyndan \u00fdurdumyzy\u0148 ba\u015flangyjy bilen \u201cT\u00fcrkmenistany\u0148 hemi\u015felik Bitaraplygy\u201d atly Kararnamany\u0148 \u00fc\u00e7\u00fcnji gezek kabul edilmegi, B\u00fctind\u00fcn\u00fd\u00e4 saglyk g\u00fcni, T\u00fcrkmen bedewini\u0148 milli ba\u00fdramy mynasybetli maslahatlary, d\u00f6redijilik du\u015fu\u015fyklaryny, brifingleri, sergileri, a\u00fddym-sazly dabaralary ge\u00e7irmek g\u00f6z \u00f6\u0148\u00fcnde tutul\u00fdar. \u015ee\u00fdle hem ozal yglan edilen d\u00f6redijilik b\u00e4sle\u015fiklerini\u0148 jemleri jemleniler. Me\u015fhur sazanda P\u00fcrli Sary\u00fdewi\u0148 \u00f6mri-d\u00f6redijiligine, D\u00f6wletm\u00e4mmet Azadyny\u0148 doglan g\u00fcn\u00fcni\u0148 330 \u00fdyllygyna, T\u00fcrkmenistany\u0148 Gahrymany Ma\u00fda Kuly\u00fdewany\u0148 doglan g\u00fcn\u00fcni\u0148 105 \u00fdyllygyna bagy\u015flanan d\u00f6redijilik \u00e7\u00e4relerini guramak me\u00fdille\u015fdiril\u00fd\u00e4r. \u015eunu\u0148 bilen baglylykda, 28-nji martda ge\u00e7irilen sanly ulgam arkaly Ministrler Kabinetini\u0148 mejlisinde Ministrler Kabinetini\u0148 Ba\u015flygyny\u0148 orunbasary B.Se\u00fdidowa d\u00f6wlet Ba\u015ftutanymyzy\u0148 garamagyna degi\u015fli teklibi h\u00f6d\u00fcrledi.<\/p>\n","protected":false},"excerpt":{"rendered":"<p>Aprel a\u00fdyny\u0148 dowamynda 2025-nji \u00fdyly\u0148 \u201cHalkara parahat\u00e7ylyk we ynany\u015fmak \u00fdyly\u201d di\u00fdlip yglan edilmegi, hemi\u015felik Bitaraplygymyzy\u0148 30 \u00fdyllygy, BMG-ni\u0148 Ba\u015f Assamble\u00fdasy tarapyndan \u00fdurdumyzy\u0148 ba\u015flangyjy bilen \u201cT\u00fcrkmenistany\u0148 hemi\u015felik Bitaraplygy\u201d atly Kararnamany\u0148 \u00fc\u00e7\u00fcnji gezek kabul edilmegi, B\u00fctind\u00fcn\u00fd\u00e4 saglyk g\u00fcni, T\u00fcrkmen bedewini\u0148 milli ba\u00fdramy mynasybetli maslahatlary, d\u00f6redijilik du\u015fu\u015fyklaryny, brifingleri, sergileri, a\u00fddym-sazly dabaralary ge\u00e7irmek g\u00f6z \u00f6\u0148\u00fcnde tutul\u00fdar. \u015ee\u00fdle hem ozal [&hellip;]<\/p>\n","protected":false},"author":2,"featured_media":130653,"comment_status":"open","ping_status":"closed","sticky":false,"template":"","format":"standard","meta":{"footnotes":""},"categories":[3],"tags":[],"acf":[],"_links":{"self":[{"href":"https:\/\/zamanturkmenistan.com.tm\/index.php?rest_route=\/wp\/v2\/posts\/130652"}],"collection":[{"href":"https:\/\/zamanturkmenistan.com.tm\/index.php?rest_route=\/wp\/v2\/posts"}],"about":[{"href":"https:\/\/zamanturkmenistan.com.tm\/index.php?rest_route=\/wp\/v2\/types\/post"}],"author":[{"embeddable":true,"href":"https:\/\/zamanturkmenistan.com.tm\/index.php?rest_route=\/wp\/v2\/users\/2"}],"replies":[{"embeddable":true,"href":"https:\/\/zamanturkmenistan.com.tm\/index.php?rest_route=%2Fwp%2Fv2%2Fcomments&post=130652"}],"version-history":[{"count":1,"href":"https:\/\/zamanturkmenistan.com.tm\/index.php?rest_route=\/wp\/v2\/posts\/130652\/revisions"}],"predecessor-version":[{"id":130654,"href":"https:\/\/zamanturkmenistan.com.tm\/index.php?rest_route=\/wp\/v2\/posts\/130652\/revisions\/130654"}],"wp:featuredmedia":[{"embeddable":true,"href":"https:\/\/zamanturkmenistan.com.tm\/index.php?rest_route=\/wp\/v2\/media\/130653"}],"wp:attachment":[{"href":"https:\/\/zamanturkmenistan.com.tm\/index.php?rest_route=%2Fwp%2Fv2%2Fmedia&parent=130652"}],"wp:term":[{"taxonomy":"category","embeddable":true,"href":"https:\/\/zamanturkmenistan.com.tm\/index.php?rest_route=%2Fwp%2Fv2%2Fcategories&post=130652"},{"taxonomy":"post_tag","embeddable":true,"href":"https:\/\/zamanturkmenistan.com.tm\/index.php?rest_route=%2Fwp%2Fv2%2Ftags&post=130652"}],"curies":[{"name":"wp","href":"https:\/\/api.w.org\/{rel}","templated":true}]}}