{"id":130828,"date":"2025-04-01T15:18:57","date_gmt":"2025-04-01T10:18:57","guid":{"rendered":"https:\/\/zamanturkmenistan.com.tm\/?p=130828"},"modified":"2025-04-01T15:19:13","modified_gmt":"2025-04-01T10:19:13","slug":"tans-ruhy-saglyk-ucin-peydaly","status":"publish","type":"post","link":"https:\/\/zamanturkmenistan.com.tm\/?p=130828","title":{"rendered":"Tans ru\u00adhy sag\u00adlyk \u00fc\u00e7in pe\u00fd\u00adda\u00adly"},"content":{"rendered":"<p>Tans et\u00admek ada\u00admy\u0148 umu\u00admy sag\u00adlyk \u00fdag\u00adda\u00ad\u00fdy\u00adny go\u00adwu\u00adlan\u00addy\u00adryp, ke\u00fd\u00adpi\u00adni g\u00f6\u00adter\u00ad\u00fd\u00e4r we stres de\u00adre\u00adje\u00adsi\u00adni pe\u00adseld\u00ad\u00fd\u00e4r. \u015ee\u00fd\u00adle hem psi\u00adho\u00adlo\u00adgik stres\u00adle\u00adre gar\u00ad\u015fy dur\u00adnuk\u00adly\u00adly\u00adgy\u00ad \u00fdo\u00adkar\u00adlan\u00addyr\u00ad\u00fdar. Bu ba\u00adra\u00adda Be\u00ad\u00fdik Bri\u00adta\u00adni\u00ad\u00fda\u00adny\u0148 Ro\u00adhamp\u00adton uni\u00adwer\u00adsi\u00adte\u00adti\u00adni\u0148 alym\u00adla\u00adry m\u00e4\u00adlim et\u00addi\u00adler.<\/p>\n","protected":false},"excerpt":{"rendered":"<p>Tans et\u00admek ada\u00admy\u0148 umu\u00admy sag\u00adlyk \u00fdag\u00adda\u00ad\u00fdy\u00adny go\u00adwu\u00adlan\u00addy\u00adryp, ke\u00fd\u00adpi\u00adni g\u00f6\u00adter\u00ad\u00fd\u00e4r we stres de\u00adre\u00adje\u00adsi\u00adni pe\u00adseld\u00ad\u00fd\u00e4r. \u015ee\u00fd\u00adle hem psi\u00adho\u00adlo\u00adgik stres\u00adle\u00adre gar\u00ad\u015fy dur\u00adnuk\u00adly\u00adly\u00adgy\u00ad \u00fdo\u00adkar\u00adlan\u00addyr\u00ad\u00fdar. Bu ba\u00adra\u00adda Be\u00ad\u00fdik Bri\u00adta\u00adni\u00ad\u00fda\u00adny\u0148 Ro\u00adhamp\u00adton uni\u00adwer\u00adsi\u00adte\u00adti\u00adni\u0148 alym\u00adla\u00adry m\u00e4\u00adlim et\u00addi\u00adler.<\/p>\n","protected":false},"author":2,"featured_media":105887,"comment_status":"open","ping_status":"closed","sticky":false,"template":"","format":"standard","meta":{"footnotes":""},"categories":[299],"tags":[],"acf":[],"_links":{"self":[{"href":"https:\/\/zamanturkmenistan.com.tm\/index.php?rest_route=\/wp\/v2\/posts\/130828"}],"collection":[{"href":"https:\/\/zamanturkmenistan.com.tm\/index.php?rest_route=\/wp\/v2\/posts"}],"about":[{"href":"https:\/\/zamanturkmenistan.com.tm\/index.php?rest_route=\/wp\/v2\/types\/post"}],"author":[{"embeddable":true,"href":"https:\/\/zamanturkmenistan.com.tm\/index.php?rest_route=\/wp\/v2\/users\/2"}],"replies":[{"embeddable":true,"href":"https:\/\/zamanturkmenistan.com.tm\/index.php?rest_route=%2Fwp%2Fv2%2Fcomments&post=130828"}],"version-history":[{"count":1,"href":"https:\/\/zamanturkmenistan.com.tm\/index.php?rest_route=\/wp\/v2\/posts\/130828\/revisions"}],"predecessor-version":[{"id":130829,"href":"https:\/\/zamanturkmenistan.com.tm\/index.php?rest_route=\/wp\/v2\/posts\/130828\/revisions\/130829"}],"wp:featuredmedia":[{"embeddable":true,"href":"https:\/\/zamanturkmenistan.com.tm\/index.php?rest_route=\/wp\/v2\/media\/105887"}],"wp:attachment":[{"href":"https:\/\/zamanturkmenistan.com.tm\/index.php?rest_route=%2Fwp%2Fv2%2Fmedia&parent=130828"}],"wp:term":[{"taxonomy":"category","embeddable":true,"href":"https:\/\/zamanturkmenistan.com.tm\/index.php?rest_route=%2Fwp%2Fv2%2Fcategories&post=130828"},{"taxonomy":"post_tag","embeddable":true,"href":"https:\/\/zamanturkmenistan.com.tm\/index.php?rest_route=%2Fwp%2Fv2%2Ftags&post=130828"}],"curies":[{"name":"wp","href":"https:\/\/api.w.org\/{rel}","templated":true}]}}