{"id":131048,"date":"2025-04-04T09:42:24","date_gmt":"2025-04-04T04:42:24","guid":{"rendered":"https:\/\/zamanturkmenistan.com.tm\/?p=131048"},"modified":"2025-04-04T09:42:24","modified_gmt":"2025-04-04T04:42:24","slug":"turkmenistanyn-prezidenti-yewropa-komissiyasynyn-baslygy-bilen-dususdy","status":"publish","type":"post","link":"https:\/\/zamanturkmenistan.com.tm\/?p=131048","title":{"rendered":"T\u00fcrkmenistany\u0148 Prezidenti \u00ddewropa Komissi\u00fdasyny\u0148 Ba\u015flygy bilen du\u015fu\u015fdy"},"content":{"rendered":"<p>3-nji aprelde \u00abMerkezi Azi\u00fda \u2014 \u00ddewropa Bilele\u015figi\u00bb g\u00f6rn\u00fc\u015find\u00e4ki birinji sammite gatna\u015fmak \u00fc\u00e7in \u00d6zbegistan Respublikasynda i\u015f saparynda bol\u00fdan hormatly Prezidentimiz Serdar Berdimuhamedow \u00ddewropa Komissi\u00fdasyny\u0148 Ba\u015flygy hanym Ursula fon der L\u00fda\u00fden bilen du\u015fu\u015fdy.<br \/>\nD\u00f6wlet Ba\u015ftutanymyz \u00ddewropa Komissi\u00fdasyny\u0148 Ba\u015flygy bilen Samarkant \u015f\u00e4herinde du\u015fu\u015fmaga \u015fatdygyny a\u00fddyp, bu \u00fdokary derejeli sammiti\u0148 \u00fcst\u00fcnlikli ge\u00e7megini arzuw etdi. S\u00f6hbetde\u015fler sammiti\u0148 dowamynda ikitarapla\u00fdyn we k\u00f6ptarapla\u00fdyn hyzmatda\u015flygy\u0148 \u00fdagda\u00fdyny seljerm\u00e4ge, \u00f6zara gatna\u015fyklary mundan be\u00fdl\u00e4k-de \u00f6sd\u00fcrmek babatda pikir aly\u015fmaga, Merkezi Azi\u00fda bilen \u00ddewropa Bilele\u015figini\u0148 arasyndaky gatna\u015fyklary i\u015fje\u0148 \u00fdola go\u00fdmakda m\u00f6h\u00fcm wezipeleri \u00e7\u00f6zm\u00e4ge m\u00fcmkin\u00e7iligi\u0148 boljakdygyna ynam bildirdiler.<br \/>\n\u00ddewropa Komissi\u00fdasyny\u0148 Ba\u015flygy Ursula fon der L\u00fda\u00fden \u00ddB-ni\u0148 Merkezi Azi\u00fda \u00fdurtlary, \u015fol sanda T\u00fcrkmenistan bilen k\u00f6pugurly hyzmatda\u015flygy pugtalandyrmaga gyzyklanma bildir\u00fd\u00e4ndigini belledi.<br \/>\nD\u00f6wlet Ba\u015ftutanymyz T\u00fcrkmenistany\u0148 \u00ddewropa Bilele\u015figi bilen \u00f6zara b\u00e4hbitli gatna\u015fyklary gi\u0148eltm\u00e4ge uly \u00e4hmi\u00fdet ber\u00fd\u00e4ndigini a\u00fdtdy. Bizi\u0148 \u00fdurdumyz bu d\u00fcz\u00fcmi\u0148 \u00f6\u0148e s\u00fcr\u00fd\u00e4n \u00ab\u00fda\u015fyl\u00bb energetika sy\u00fdasatyna la\u00fdyklykda, t\u00e4ze tehnologi\u00fdalary\u0148 orna\u015fdyrylmagyna, durnukly energi\u00fda seri\u015fdelerini\u0148 \u00fcpj\u00fcn edilmegine a\u00fdratyn \u00e4hmi\u00fdet ber\u00fd\u00e4r. Hyzmatda\u015flygy\u0148 \u00e7\u00e4klerinde T\u00fcrkmenistanda kanun \u00e7ykaryjylyk, ylym-bilim, oba hojalygy, da\u015fky gur\u015fawy goramak, howany\u0148 \u00fc\u00fdtgemegine gar\u015fy g\u00f6re\u015fmek \u00fdaly ugurlarda taslamalar \u00fcst\u00fcnlikli durmu\u015fa ge\u00e7iril\u00fd\u00e4r.<br \/>\nDu\u015fu\u015fygy\u0148 dowamynda d\u00f6wlet Ba\u015ftutanymyz A\u015fgabatda \u015fu \u00fdyly\u0148 dekabrynda \u00fdurdumyzy\u0148 ba\u015flangyjy bilen BMG-ni\u0148 Ba\u015f Assamble\u00fdasyny\u0148 Kararnamasyna la\u00fdyklykda, 2025-nji \u00fdyly\u0148 \u201cHalkara parahat\u00e7ylyk we ynany\u015fmak \u00fdyly\u201d di\u00fdlip yglan edilmegi mynasybetli, T\u00fcrkmenistany\u0148 hemi\u015felik Bitaraplygyny\u0148 30 \u00fdyllygyna gabatlanyp, Halkara parahat\u00e7ylyk we ynany\u015fmak \u00fdylyny\u0148 wekil\u00e7ilikli forumyny\u0148 ge\u00e7iriljekdigini a\u00fdtdy we hanym Ursula fon der L\u00fda\u00fdeni bu foruma gatna\u015fmaga \u00e7agyrdy. \u015ee\u00fdle hem hormatly Prezidentimiz T\u00fcrkmenistan bilen \u00ddewropa Bilele\u015figini\u0148 arasyndaky gatna\u015fyklary \u00f6sd\u00fcrm\u00e4ge go\u015f\u00fdan \u015fahsy go\u015fandy \u00fc\u00e7in \u00ddewropa Komissi\u00fdasyny\u0148 Ba\u015flygyna minnetdarlyk bildirdi.<br \/>\nDu\u015fu\u015fygy\u0148 ahyrynda hormatly Prezidentimiz Serdar Berdimuhamedow we \u00ddewropa Komissi\u00fdasyny\u0148 Ba\u015flygy hanym Ursula fon der L\u00fda\u00fden de\u0148hukuklylyk, \u00f6zara b\u00e4hbitlilik \u00fd\u00f6relgelerine esaslan\u00fdan hyzmatda\u015flygy\u0148 geljekde hem \u00fcst\u00fcnlikli \u00f6sd\u00fcriljekdigine ynam bildirip, birek-birege i\u0148 gowy arzuwlaryny be\u00fdan etdiler.<\/p>\n","protected":false},"excerpt":{"rendered":"<p>3-nji aprelde \u00abMerkezi Azi\u00fda \u2014 \u00ddewropa Bilele\u015figi\u00bb g\u00f6rn\u00fc\u015find\u00e4ki birinji sammite gatna\u015fmak \u00fc\u00e7in \u00d6zbegistan Respublikasynda i\u015f saparynda bol\u00fdan hormatly Prezidentimiz Serdar Berdimuhamedow \u00ddewropa Komissi\u00fdasyny\u0148 Ba\u015flygy hanym Ursula fon der L\u00fda\u00fden bilen du\u015fu\u015fdy. D\u00f6wlet Ba\u015ftutanymyz \u00ddewropa Komissi\u00fdasyny\u0148 Ba\u015flygy bilen Samarkant \u015f\u00e4herinde du\u015fu\u015fmaga \u015fatdygyny a\u00fddyp, bu \u00fdokary derejeli sammiti\u0148 \u00fcst\u00fcnlikli ge\u00e7megini arzuw etdi. S\u00f6hbetde\u015fler sammiti\u0148 dowamynda ikitarapla\u00fdyn we [&hellip;]<\/p>\n","protected":false},"author":2,"featured_media":131049,"comment_status":"open","ping_status":"closed","sticky":false,"template":"","format":"standard","meta":{"footnotes":""},"categories":[3],"tags":[],"acf":[],"_links":{"self":[{"href":"https:\/\/zamanturkmenistan.com.tm\/index.php?rest_route=\/wp\/v2\/posts\/131048"}],"collection":[{"href":"https:\/\/zamanturkmenistan.com.tm\/index.php?rest_route=\/wp\/v2\/posts"}],"about":[{"href":"https:\/\/zamanturkmenistan.com.tm\/index.php?rest_route=\/wp\/v2\/types\/post"}],"author":[{"embeddable":true,"href":"https:\/\/zamanturkmenistan.com.tm\/index.php?rest_route=\/wp\/v2\/users\/2"}],"replies":[{"embeddable":true,"href":"https:\/\/zamanturkmenistan.com.tm\/index.php?rest_route=%2Fwp%2Fv2%2Fcomments&post=131048"}],"version-history":[{"count":1,"href":"https:\/\/zamanturkmenistan.com.tm\/index.php?rest_route=\/wp\/v2\/posts\/131048\/revisions"}],"predecessor-version":[{"id":131050,"href":"https:\/\/zamanturkmenistan.com.tm\/index.php?rest_route=\/wp\/v2\/posts\/131048\/revisions\/131050"}],"wp:featuredmedia":[{"embeddable":true,"href":"https:\/\/zamanturkmenistan.com.tm\/index.php?rest_route=\/wp\/v2\/media\/131049"}],"wp:attachment":[{"href":"https:\/\/zamanturkmenistan.com.tm\/index.php?rest_route=%2Fwp%2Fv2%2Fmedia&parent=131048"}],"wp:term":[{"taxonomy":"category","embeddable":true,"href":"https:\/\/zamanturkmenistan.com.tm\/index.php?rest_route=%2Fwp%2Fv2%2Fcategories&post=131048"},{"taxonomy":"post_tag","embeddable":true,"href":"https:\/\/zamanturkmenistan.com.tm\/index.php?rest_route=%2Fwp%2Fv2%2Ftags&post=131048"}],"curies":[{"name":"wp","href":"https:\/\/api.w.org\/{rel}","templated":true}]}}