{"id":131051,"date":"2025-04-04T09:45:48","date_gmt":"2025-04-04T04:45:48","guid":{"rendered":"https:\/\/zamanturkmenistan.com.tm\/?p=131051"},"modified":"2025-04-04T09:45:48","modified_gmt":"2025-04-04T04:45:48","slug":"turkmenistanyn-prezidentinin-yewropa-genesinin-baslygy-bilen-dususygy","status":"publish","type":"post","link":"https:\/\/zamanturkmenistan.com.tm\/?p=131051","title":{"rendered":"T\u00fcrkmenistany\u0148 Prezidentini\u0148 \u00ddewropa Ge\u0148e\u015fini\u0148 Ba\u015flygy bilen du\u015fu\u015fygy"},"content":{"rendered":"<p>3-nji aprel \u00abMerkezi Azi\u00fda \u2014 \u00ddewropa Bilele\u015figi\u00bb g\u00f6rn\u00fc\u015find\u00e4ki birinji sammite gatna\u015fmak maksady bilen \u00d6zbegistan Respublikasynda i\u015f saparynda bol\u00fdan hormatly Prezidentimiz Serdar Berdimuhamedow \u00ddewropa Ge\u0148e\u015fini\u0148 Ba\u015flygy Antonio Ko\u015fta bilen du\u015fu\u015fdy.<br \/>\nD\u00f6wlet Ba\u015ftutanymyz hem-de \u00ddewropa Ge\u0148e\u015fini\u0148 Ba\u015flygy sammiti\u0148 \u00e7\u00e4klerinde du\u015fu\u015fmaga hem-de \u00f6zara hyzmatda\u015flygy\u0148 h\u00e4zirki \u00fdagda\u00fdy we geljegi barada pikir aly\u015fmaga d\u00f6r\u00e4n m\u00fcmkin\u00e7ilige kanagatlanma bildirdiler. Hormatly Prezidentimiz T\u00fcrkmenistany\u0148 \u00ddewropa Bilele\u015figi bilen sy\u00fdasy-diplomatik, s\u00f6wda-ykdysady, medeni-ynsanperwer, ulag-kommunikasi\u00fda \u00fdaly ugurlarda hyzmatda\u015flygy \u00f6sd\u00fcrm\u00e4ge uly \u00e4hmi\u00fdet ber\u00fd\u00e4ndigini bell\u00e4p, bu du\u015fu\u015fygy\u0148 \u00ddB bilen k\u00f6ptarapla\u00fdyn gatna\u015fyklary has-da gi\u0148eltm\u00e4ge \u00fdardam berjekdigine ynam bildirdi.<br \/>\nDu\u015fu\u015fygy\u0148 dowamynda bellenili\u015fi \u00fdaly, so\u0148ky \u00fdyllarda \u00fdurdumyz bilen \u00ddewropa Bilele\u015figini\u0148 arasyndaky gatna\u015fyklar sy\u00fdasy-diplomatik ugurda has i\u015fje\u0148 h\u00e4si\u00fdeti bilen tapawutlan\u00fdar. \u00abMerkezi Azi\u00fda \u2014 \u00ddewropa Bilele\u015figi\u00bb g\u00f6rn\u00fc\u015find\u00e4ki gatna\u015fyklar munu\u0148 a\u00fddy\u0148 mysalydyr. \u00ddewropa Ge\u0148e\u015fini\u0148 Ba\u015flygy \u00fdakynda Merkezi Azi\u00fda d\u00f6wletlerini\u0148 we \u00ddewropa Bilele\u015figini\u0148 da\u015fary sy\u00fdasat edaralaryny\u0148 \u00fdolba\u015f\u00e7ylaryny\u0148 A\u015fgabatda ge\u00e7irilen du\u015fu\u015fygyny\u0148 \u00e4hmi\u00fdetini bell\u00e4p, \u00fdokary derejeli bu \u00e7\u00e4releri\u0148 iki sebiti\u0148 arasyndaky k\u00f6pugurly, uzak m\u00f6hletli hyzmatda\u015flygy yzygiderli ilerletm\u00e4ge \u00fdardam berjekdigine ynam bildirdi. \u015eunu\u0148 bilen baglylykda, Merkezi Azi\u00fda d\u00f6wletlerini\u0148 m\u00fcmkin\u00e7iliklerini g\u00f6z \u00f6\u0148\u00fcnde tutup, \u00ddewropa Bilele\u015figi bilen netijeli we \u00f6zara b\u00e4hbitli hyzmatda\u015flygy \u00f6sd\u00fcrmegi\u0148 sebit \u00fc\u00e7in m\u00f6h\u00fcm \u00e4hmi\u00fdeti nygtaldy.<br \/>\nD\u00f6wlet Ba\u015ftutanymyz T\u00fcrkmenistany\u0148 sebiti\u0148 \u00fdurtlary hem-de abra\u00fdly halkara guramalar bilen bilelikde geljegi uly Demirgazyk \u2014 G\u00fcnorta we G\u00fcndogar \u2014 G\u00fcnbatar ulag ge\u00e7elgelerini i\u015fje\u0148 \u00f6sd\u00fcr\u00fd\u00e4ndigini bell\u00e4p, \u015fol ge\u00e7elgeleri\u0148 \u00ddewrazi\u00fda yklymyny\u0148 \u00fdurtlaryny\u0148 arasynda hyzmatda\u015flygy, s\u00f6wda-ykdysady gatna\u015fyklary \u00f6sd\u00fcrmekde ygtybarly k\u00f6pri boljakdygyna ynam bildirdi.<br \/>\nDu\u015fu\u015fygy\u0148 dowamynda hormatly Prezidentimiz pa\u00fdtagtymyz A\u015fgabatda T\u00fcrkmenistany\u0148 ba\u015flangyjy bilen BMG-ni\u0148 Ba\u015f Assamble\u00fdasyny\u0148 Kararnamasyna la\u00fdyklykda, 2025-nji \u00fdyly\u0148 \u201cHalkara parahat\u00e7ylyk we ynany\u015fmak \u00fdyly\u201d di\u00fdlip yglan edilmegi mynasybetli, \u00fdurdumyzy\u0148 hemi\u015felik Bitaraplygyny\u0148 30 \u00fdyllygyna gabatlanyp, Halkara parahat\u00e7ylyk we ynany\u015fmak \u00fdylyny\u0148 wekil\u00e7ilikli forumyny\u0148 ge\u00e7iriljekdigini a\u00fdtdy we \u00ddewropa Ge\u0148e\u015fini\u0148 Ba\u015flygy Antonio Ko\u015ftany bu foruma gatna\u015fmaga \u00e7agyrdy. \u015ee\u00fdle-de d\u00f6wlet Ba\u015ftutanymyz T\u00fcrkmenistany\u0148 \u00ddewropa Bilele\u015figi bilen hyzmatda\u015flyga \u00fdokary baha ber\u00fd\u00e4ndigini a\u00fddyp, \u00fdurdumyzy\u0148 netijeli gatna\u015fyklary mundan be\u00fdl\u00e4k-de pugtalandyrmaga ta\u00fd\u00fdardygyny tassyklady.<br \/>\nDu\u015fu\u015fygy\u0148 ahyrynda hormatly Prezidentimiz Serdar Berdimuhamedow hem-de \u00ddewropa Ge\u0148e\u015fini\u0148 Ba\u015flygy Antonio Ko\u015fta birek-birege berk jan saglyk, abadan\u00e7ylyk, alyp bar\u00fdan i\u015flerinde \u00fcst\u00fcnlikleri arzuw etdiler.<\/p>\n","protected":false},"excerpt":{"rendered":"<p>3-nji aprel \u00abMerkezi Azi\u00fda \u2014 \u00ddewropa Bilele\u015figi\u00bb g\u00f6rn\u00fc\u015find\u00e4ki birinji sammite gatna\u015fmak maksady bilen \u00d6zbegistan Respublikasynda i\u015f saparynda bol\u00fdan hormatly Prezidentimiz Serdar Berdimuhamedow \u00ddewropa Ge\u0148e\u015fini\u0148 Ba\u015flygy Antonio Ko\u015fta bilen du\u015fu\u015fdy. D\u00f6wlet Ba\u015ftutanymyz hem-de \u00ddewropa Ge\u0148e\u015fini\u0148 Ba\u015flygy sammiti\u0148 \u00e7\u00e4klerinde du\u015fu\u015fmaga hem-de \u00f6zara hyzmatda\u015flygy\u0148 h\u00e4zirki \u00fdagda\u00fdy we geljegi barada pikir aly\u015fmaga d\u00f6r\u00e4n m\u00fcmkin\u00e7ilige kanagatlanma bildirdiler. Hormatly Prezidentimiz T\u00fcrkmenistany\u0148 [&hellip;]<\/p>\n","protected":false},"author":2,"featured_media":131052,"comment_status":"open","ping_status":"closed","sticky":false,"template":"","format":"standard","meta":{"footnotes":""},"categories":[3],"tags":[],"acf":[],"_links":{"self":[{"href":"https:\/\/zamanturkmenistan.com.tm\/index.php?rest_route=\/wp\/v2\/posts\/131051"}],"collection":[{"href":"https:\/\/zamanturkmenistan.com.tm\/index.php?rest_route=\/wp\/v2\/posts"}],"about":[{"href":"https:\/\/zamanturkmenistan.com.tm\/index.php?rest_route=\/wp\/v2\/types\/post"}],"author":[{"embeddable":true,"href":"https:\/\/zamanturkmenistan.com.tm\/index.php?rest_route=\/wp\/v2\/users\/2"}],"replies":[{"embeddable":true,"href":"https:\/\/zamanturkmenistan.com.tm\/index.php?rest_route=%2Fwp%2Fv2%2Fcomments&post=131051"}],"version-history":[{"count":1,"href":"https:\/\/zamanturkmenistan.com.tm\/index.php?rest_route=\/wp\/v2\/posts\/131051\/revisions"}],"predecessor-version":[{"id":131053,"href":"https:\/\/zamanturkmenistan.com.tm\/index.php?rest_route=\/wp\/v2\/posts\/131051\/revisions\/131053"}],"wp:featuredmedia":[{"embeddable":true,"href":"https:\/\/zamanturkmenistan.com.tm\/index.php?rest_route=\/wp\/v2\/media\/131052"}],"wp:attachment":[{"href":"https:\/\/zamanturkmenistan.com.tm\/index.php?rest_route=%2Fwp%2Fv2%2Fmedia&parent=131051"}],"wp:term":[{"taxonomy":"category","embeddable":true,"href":"https:\/\/zamanturkmenistan.com.tm\/index.php?rest_route=%2Fwp%2Fv2%2Fcategories&post=131051"},{"taxonomy":"post_tag","embeddable":true,"href":"https:\/\/zamanturkmenistan.com.tm\/index.php?rest_route=%2Fwp%2Fv2%2Ftags&post=131051"}],"curies":[{"name":"wp","href":"https:\/\/api.w.org\/{rel}","templated":true}]}}