{"id":13109,"date":"2018-03-31T19:36:57","date_gmt":"2018-03-31T14:36:57","guid":{"rendered":"http:\/\/zamanturkmenistan.com\/?p=13109"},"modified":"2018-03-31T19:36:57","modified_gmt":"2018-03-31T14:36:57","slug":"da%c2%adso%c2%adguzda-gowaca-ekisine-baslandy","status":"publish","type":"post","link":"https:\/\/zamanturkmenistan.com.tm\/?p=13109","title":{"rendered":"Da\u00ad\u015fo\u00adguzda  gowa\u00e7a eki\u015fine ba\u015flandy"},"content":{"rendered":"<p>Hor\u00admat\u00adly Pre\u00adzi\u00adden\u00adti\u00admi\u00adzi\u0148 tas\u00adsyk\u00adlan m\u00f6h\u00adle\u00adti\u00adne la\u00ad\u00fdyk\u00adlyk\u00adda, Da\u00ad\u015fo\u00adguz we\u00adla\u00ad\u00fda\u00adty\u00adny\u0148 eke\u00adran\u00ad\u00e7y\u00adla\u00adry go\u00adwa\u00ad\u00e7a eki\u00ad\u015fi\u00adne gi\u00adri\u015f\u00addi\u00adler. M\u00e4\u00adlim bol\u00ad\u015fy \u00fda\u00adly, top\u00adrak-ho\u00adwa \u015fert\u00adle\u00adri\u00adne g\u00f6\u00adr\u00e4, bu we\u00adla\u00ad\u00fdat\u00adda \u00fdaz eki\u00ad\u015fi \u00fdur\u00addu\u00admy\u00adzy\u0148 be\u00fd\u00adle\u00adki se\u00adbit\u00adle\u00adri\u00adne ga\u00adra\u00adny\u0148\u00adda, bir\u00adne\u00adme gij\u00adr\u00e4k ba\u00addal\u00adga al\u00ad\u00fdar.<br \/>\nAsyl\u00adly d\u00e4\u00adbe g\u00f6\u00adr\u00e4, eki\u015f hor\u00admat\u00adly \u00fda\u00ad\u015fu\u00adlu\u00adla\u00adry\u0148 \u00fdag\u00ad\u015fy do\u00adga\u00ad\u00fdy di\u00adleg\u00adle\u00adri bi\u00adlen ba\u015f\u00adlan\u00addy. Olar Be\u00ad\u00fdik Bi\u00adri\u00adbar\u00addan Wa\u00adta\u00adny\u00admy\u00adzy\u0148 we t\u00fcrk\u00admen hal\u00adky\u00adny\u0148 aba\u00addan\u00ad\u00e7y\u00adly\u00adgy\u00adny we g\u00fcl\u00adl\u00e4p \u00f6s\u00fc\u00ad\u015fi\u00adni, mil\u00adli Li\u00adde\u00adri\u00admi\u00adzi\u0148 alyp bar\u00ad\u00fdan gi\u0148 m\u00f6\u00e7\u00adber\u00adli i\u015f\u00adle\u00adri\u00adni\u0148 ro\u00adwa\u00e7\u00adlyk\u00adla\u00adra bes\u00adlen\u00adme\u00adgi\u00adni di\u00adleg edip, top\u00adra\u00adga go\u00adwa\u00ad\u00e7a\u00adny\u0148 il\u00adkin\u00adji to\u00adhum\u00adla\u00adry\u00adny at\u00addy\u00adlar.<\/p>\n<p>So\u0148\u00adra me\u00adha\u00adni\u00adza\u00adtor\u00adlar i\u015fe gi\u00adri\u015f\u00addi. De\u00admir\u00adga\u00adzyk se\u00adbit\u00adde 140 m\u00fc\u0148 gek\u00adtar me\u00fd\u00adda\u00adna go\u00adwa\u00ad\u00e7a eki\u00adler. \u015eu \u00fdyl we\u00adla\u00ad\u00fdat\u00adda 230 m\u00fc\u0148 ton\u00adna \u201cak al\u00adty\u00adny\u201d \u00fdyg\u00adna\u00admak g\u00f6z \u00f6\u0148\u00fcn\u00adde tu\u00adtul\u00ad\u00fdar. Da\u00ad\u015fo\u00adguz\u00adly eke\u00adran\u00ad\u00e7y\u00adlar go\u00adwa\u00ad\u00e7a\u00adny\u0148 \u201cDa\u00ad\u015fo\u00adguz-120\u201d, \u201cSer\u00addar\u201d, \u201cS-4727\u201d, \u201cJe\u00fd\u00adhun\u201d, \u201c149 F\u201d we be\u00fd\u00adle\u00adki or\u00adta s\u00fc\u00ad\u00fd\u00fcm\u00adli g\u00f6r\u00adn\u00fc\u015f\u00adle\u00adri\u00adni ek\u00ad\u00fd\u00e4r\u00adler. H\u00e4\u00adzir\u00adki za\u00adman oba ho\u00adja\u00adlyk teh\u00adni\u00adka\u00adla\u00adry \u2013 d\u00fcr\u00adli ky\u00adsym\u00adly trak\u00adtor\u00adlar, eki\u00adji\u00adler bi\u00adlen ge\u00ad\u00e7i\u00adril\u00ad\u00fd\u00e4n ta\u00adkyk, b\u00f6k\u00adden\u00e7\u00adsiz me\u00fd\u00addan i\u015f\u00adle\u00adri ne\u00adti\u00adje\u00adsin\u00adde \u201cak al\u00adty\u00adny\u0148\u201d gel\u00adjek\u00adki bol ha\u00adsy\u00adly\u00adny\u0148 yg\u00adty\u00adbar\u00adly d\u00fc\u00fd\u00adbi tu\u00adtu\u00adlar.<br \/>\n\u00ddaz\u00adky eki\u015f m\u00f6w\u00ads\u00fc\u00admi\u00adni\u0148 ba\u00ad\u015fyn\u00adda Da\u00ad\u015fo\u00adguz we\u00adla\u00ad\u00fda\u00adty\u00adny\u0148 h\u00e4\u00adkim\u00adli\u00adgin\u00adde mas\u00adla\u00adhat bol\u00addy. \u00ddyg\u00adna\u00adnan\u00adlar eki\u00ad\u015fi gys\u00adga m\u00f6h\u00adlet\u00adler\u00adde ge\u00ad\u00e7ir\u00admek, de\u00adgi\u015f\u00adli ag\u00adro\u00adteh\u00adni\u00adki \u00e7\u00e4\u00adre\u00adle\u00adri \u00fdo\u00adka\u00adry hil\u00adde \u00fde\u00adri\u00adne \u00fde\u00adtir\u00admek bi\u00adlen bag\u00adla\u00adny\u00ad\u015fyk\u00adly gu\u00adra\u00adma\u00ad\u00e7y\u00adlyk me\u00adse\u00adle\u00adle\u00adri\u00adni bi\u00adrin-bi\u00adrin ara alyp mas\u00adla\u00adhat\u00adla\u015f\u00addy\u00adlar.<br \/>\nEki\u00ad\u015fi\u0148 ba\u015f\u00adlan\u00adma\u00adgy my\u00adna\u00adsy\u00adbet\u00adli da\u00adba\u00adra\u00adla\u00adry\u0148 \u00e7\u00e4k\u00adle\u00adrin\u00adde oba ho\u00adja\u00adlyk teh\u00adni\u00adka\u00adsy\u00adny\u0148 we de\u00admir\u00adga\u00adzyk se\u00adbi\u00adti\u0148 oba\u00adse\u00adna\u00adgat top\u00adlu\u00admy\u00adny\u0148 \u00f6n\u00fcm\u00adle\u00adri\u00adni\u0148 ser\u00adgi\u00adsi gu\u00adral\u00addy. 2018-nji \u00fdy\u00adly\u0148 \u201cT\u00fcrk\u00adme\u00adnis\u00adtan \u2013 Be\u00ad\u00fdik \u00dd\u00fc\u00adpek \u00fdo\u00adlu\u00adny\u0148 \u00fd\u00fc\u00adre\u00adgi\u201d di\u00ad\u00fden \u015fy\u00adga\u00adry\u00adna ba\u00adgy\u015f\u00adla\u00adnan me\u00adde\u00adni mak\u00adsat\u00adna\u00adma a\u00fd\u00addym-saz, tans, halk d\u00f6\u00adre\u00addi\u00adji\u00adli\u00adgi to\u00adpar\u00adla\u00adry\u00adny\u0148 kon\u00adsert\u00adle\u00adri\u00adni, \u015fe\u00fd\u00adle hem \u201cK\u00f6\u00adne\u00ad\u00fcr\u00adgen\u00e7\u201d d\u00f6w\u00adlet ta\u00adry\u00adhy-me\u00adde\u00adni go\u00adrag\u00adha\u00adna\u00adsy\u00adna sy\u00ad\u00fda\u00adhat edil\u00adme\u00adgi\u00adni \u00f6z i\u00e7i\u00adne al\u00addy.<\/p>\n<p>Altyn USSA\u00ddEWA,<br \/>\nS. A. Ny\u00ad\u00fda\u00adzow adyn\u00adda\u00adky TO\u00adHU-ny\u0148 uly mu\u00adgal\u00adly\u00admy.<\/p>\n","protected":false},"excerpt":{"rendered":"<p>Hor\u00admat\u00adly Pre\u00adzi\u00adden\u00adti\u00admi\u00adzi\u0148 tas\u00adsyk\u00adlan m\u00f6h\u00adle\u00adti\u00adne la\u00ad\u00fdyk\u00adlyk\u00adda, Da\u00ad\u015fo\u00adguz we\u00adla\u00ad\u00fda\u00adty\u00adny\u0148 eke\u00adran\u00ad\u00e7y\u00adla\u00adry go\u00adwa\u00ad\u00e7a eki\u00ad\u015fi\u00adne gi\u00adri\u015f\u00addi\u00adler. M\u00e4\u00adlim bol\u00ad\u015fy \u00fda\u00adly, top\u00adrak-ho\u00adwa \u015fert\u00adle\u00adri\u00adne g\u00f6\u00adr\u00e4, bu we\u00adla\u00ad\u00fdat\u00adda \u00fdaz eki\u00ad\u015fi \u00fdur\u00addu\u00admy\u00adzy\u0148 be\u00fd\u00adle\u00adki se\u00adbit\u00adle\u00adri\u00adne ga\u00adra\u00adny\u0148\u00adda, bir\u00adne\u00adme gij\u00adr\u00e4k ba\u00addal\u00adga al\u00ad\u00fdar. Asyl\u00adly d\u00e4\u00adbe g\u00f6\u00adr\u00e4, eki\u015f hor\u00admat\u00adly \u00fda\u00ad\u015fu\u00adlu\u00adla\u00adry\u0148 \u00fdag\u00ad\u015fy do\u00adga\u00ad\u00fdy di\u00adleg\u00adle\u00adri bi\u00adlen ba\u015f\u00adlan\u00addy. Olar Be\u00ad\u00fdik Bi\u00adri\u00adbar\u00addan Wa\u00adta\u00adny\u00admy\u00adzy\u0148 we t\u00fcrk\u00admen hal\u00adky\u00adny\u0148 aba\u00addan\u00ad\u00e7y\u00adly\u00adgy\u00adny we g\u00fcl\u00adl\u00e4p \u00f6s\u00fc\u00ad\u015fi\u00adni, mil\u00adli Li\u00adde\u00adri\u00admi\u00adzi\u0148 alyp bar\u00ad\u00fdan [&hellip;]<\/p>\n","protected":false},"author":1,"featured_media":13110,"comment_status":"open","ping_status":"closed","sticky":false,"template":"","format":"standard","meta":{"footnotes":""},"categories":[3],"tags":[],"acf":[],"_links":{"self":[{"href":"https:\/\/zamanturkmenistan.com.tm\/index.php?rest_route=\/wp\/v2\/posts\/13109"}],"collection":[{"href":"https:\/\/zamanturkmenistan.com.tm\/index.php?rest_route=\/wp\/v2\/posts"}],"about":[{"href":"https:\/\/zamanturkmenistan.com.tm\/index.php?rest_route=\/wp\/v2\/types\/post"}],"author":[{"embeddable":true,"href":"https:\/\/zamanturkmenistan.com.tm\/index.php?rest_route=\/wp\/v2\/users\/1"}],"replies":[{"embeddable":true,"href":"https:\/\/zamanturkmenistan.com.tm\/index.php?rest_route=%2Fwp%2Fv2%2Fcomments&post=13109"}],"version-history":[{"count":0,"href":"https:\/\/zamanturkmenistan.com.tm\/index.php?rest_route=\/wp\/v2\/posts\/13109\/revisions"}],"wp:featuredmedia":[{"embeddable":true,"href":"https:\/\/zamanturkmenistan.com.tm\/index.php?rest_route=\/wp\/v2\/media\/13110"}],"wp:attachment":[{"href":"https:\/\/zamanturkmenistan.com.tm\/index.php?rest_route=%2Fwp%2Fv2%2Fmedia&parent=13109"}],"wp:term":[{"taxonomy":"category","embeddable":true,"href":"https:\/\/zamanturkmenistan.com.tm\/index.php?rest_route=%2Fwp%2Fv2%2Fcategories&post=13109"},{"taxonomy":"post_tag","embeddable":true,"href":"https:\/\/zamanturkmenistan.com.tm\/index.php?rest_route=%2Fwp%2Fv2%2Ftags&post=13109"}],"curies":[{"name":"wp","href":"https:\/\/api.w.org\/{rel}","templated":true}]}}