{"id":131309,"date":"2025-04-05T11:03:50","date_gmt":"2025-04-05T06:03:50","guid":{"rendered":"https:\/\/zamanturkmenistan.com.tm\/?p=131309"},"modified":"2025-04-05T11:03:50","modified_gmt":"2025-04-05T06:03:50","slug":"ekspo-2025-butindunya-sergisinde-turkmenistan-milli-gununi-bellejek-ilkinji-yurt-bolar","status":"publish","type":"post","link":"https:\/\/zamanturkmenistan.com.tm\/?p=131309","title":{"rendered":"\u201cEKSPO-2025\u201d B\u00fctind\u00fcn\u00fd\u00e4 sergisinde T\u00fcrkmenistan Milli g\u00fcn\u00fcni bellejek ilkinji \u00fdurt bolar"},"content":{"rendered":"<p>12-nji aprelde \u00ddaponi\u00fdany\u0148 Osaka \u015f\u00e4herinde ge\u00e7iriljek \u201cEKSPO-2025\u201d B\u00fctind\u00fcn\u00fd\u00e4 sergisini\u0148 resmi a\u00e7yly\u015f dabarasyndan so\u0148 T\u00fcrkmenistan bu sergini\u0148 \u00e7\u00e4klerinde Milli g\u00fcn\u00fcni bellejek ilkinji \u00fdurt bolar. T\u00fcrkmenistany\u0148 Milli g\u00fcn\u00fcni\u0148 \u00e7\u00e4relerini\u0148 14-nji aprelde sagat 11:00-dan 12:00-a \u00e7enli \u201cRe\u00fd bagy\u201d zalynda ge\u00e7irilmegi me\u00fdille\u015fdiril\u00fd\u00e4r. Bu barada T\u00fcrkmenistany\u0148 \u00ddaponi\u00fdadaky il\u00e7ihanasy habar ber\u00fd\u00e4r.<br \/>\n\u00c7\u00e4re sagat 10:00-da a\u00e7yl\u00fdar (Osaka, 1-\u00c7ome umumeshimanaka, Konohana Ward, Osaka, Japanaponi\u00fda, 554-0044).<br \/>\nGatna\u015fmak \u00fc\u00e7in anketalar T\u00fcrkmenistany\u0148 \u00ddaponi\u00fdadaky il\u00e7ihanasyny\u0148 elektron po\u00e7ta salgysyna iberilip bilner \u00fda-da baglany\u015fyk arkaly \u00f6zba\u015fdak hasaba alnyp bilner: https:\/\/docs.google.com\/forms\/d\/e\/1FAIpQLScRfGUZB2Jr-cvYdUxzTXP8g . Medeni we i\u015few\u00fcrlik \u00e7\u00e4releri T\u00fcrkmenistany\u0148 \u00fdokary derejeli wekillerini\u0148, Japanaponi\u00fdany\u0148 we be\u00fdleki \u00fdurtlary\u0148 hormatly myhmanlaryny\u0148 gatna\u015fmagynda guralar.<br \/>\nMilli g\u00fcn \u00e7\u00e4resi mugt, \u00fd\u00f6ne \u201cESKPO-2025\u201d sa\u00fdtyna umumy giri\u015f giri\u015f biletini talap ed\u00fd\u00e4r. \u201cEKSPO-2025\u201d sergisini\u0148 biletlerini bolsa, resmi \u201cEKSPO\u201d web sahypasynda satyn alyp bilersi\u0148iz.<br \/>\n\u201cEKSPO-2025\u201d sergisi 13-nji aprelden 13-nji okt\u00fdabr aralygynda ge\u00e7iriler.<\/p>\n","protected":false},"excerpt":{"rendered":"<p>12-nji aprelde \u00ddaponi\u00fdany\u0148 Osaka \u015f\u00e4herinde ge\u00e7iriljek \u201cEKSPO-2025\u201d B\u00fctind\u00fcn\u00fd\u00e4 sergisini\u0148 resmi a\u00e7yly\u015f dabarasyndan so\u0148 T\u00fcrkmenistan bu sergini\u0148 \u00e7\u00e4klerinde Milli g\u00fcn\u00fcni bellejek ilkinji \u00fdurt bolar. T\u00fcrkmenistany\u0148 Milli g\u00fcn\u00fcni\u0148 \u00e7\u00e4relerini\u0148 14-nji aprelde sagat 11:00-dan 12:00-a \u00e7enli \u201cRe\u00fd bagy\u201d zalynda ge\u00e7irilmegi me\u00fdille\u015fdiril\u00fd\u00e4r. Bu barada T\u00fcrkmenistany\u0148 \u00ddaponi\u00fdadaky il\u00e7ihanasy habar ber\u00fd\u00e4r. \u00c7\u00e4re sagat 10:00-da a\u00e7yl\u00fdar (Osaka, 1-\u00c7ome umumeshimanaka, Konohana Ward, Osaka, [&hellip;]<\/p>\n","protected":false},"author":2,"featured_media":92698,"comment_status":"open","ping_status":"closed","sticky":false,"template":"","format":"standard","meta":{"footnotes":""},"categories":[3],"tags":[],"acf":[],"_links":{"self":[{"href":"https:\/\/zamanturkmenistan.com.tm\/index.php?rest_route=\/wp\/v2\/posts\/131309"}],"collection":[{"href":"https:\/\/zamanturkmenistan.com.tm\/index.php?rest_route=\/wp\/v2\/posts"}],"about":[{"href":"https:\/\/zamanturkmenistan.com.tm\/index.php?rest_route=\/wp\/v2\/types\/post"}],"author":[{"embeddable":true,"href":"https:\/\/zamanturkmenistan.com.tm\/index.php?rest_route=\/wp\/v2\/users\/2"}],"replies":[{"embeddable":true,"href":"https:\/\/zamanturkmenistan.com.tm\/index.php?rest_route=%2Fwp%2Fv2%2Fcomments&post=131309"}],"version-history":[{"count":1,"href":"https:\/\/zamanturkmenistan.com.tm\/index.php?rest_route=\/wp\/v2\/posts\/131309\/revisions"}],"predecessor-version":[{"id":131310,"href":"https:\/\/zamanturkmenistan.com.tm\/index.php?rest_route=\/wp\/v2\/posts\/131309\/revisions\/131310"}],"wp:featuredmedia":[{"embeddable":true,"href":"https:\/\/zamanturkmenistan.com.tm\/index.php?rest_route=\/wp\/v2\/media\/92698"}],"wp:attachment":[{"href":"https:\/\/zamanturkmenistan.com.tm\/index.php?rest_route=%2Fwp%2Fv2%2Fmedia&parent=131309"}],"wp:term":[{"taxonomy":"category","embeddable":true,"href":"https:\/\/zamanturkmenistan.com.tm\/index.php?rest_route=%2Fwp%2Fv2%2Fcategories&post=131309"},{"taxonomy":"post_tag","embeddable":true,"href":"https:\/\/zamanturkmenistan.com.tm\/index.php?rest_route=%2Fwp%2Fv2%2Ftags&post=131309"}],"curies":[{"name":"wp","href":"https:\/\/api.w.org\/{rel}","templated":true}]}}