{"id":132041,"date":"2025-04-12T10:22:52","date_gmt":"2025-04-12T05:22:52","guid":{"rendered":"https:\/\/zamanturkmenistan.com.tm\/?p=132041"},"modified":"2025-04-12T10:22:52","modified_gmt":"2025-04-12T05:22:52","slug":"turkmenistanyn-saud-arabystandaky-ilcihanasy-sport-yaryslaryny-gecirdi","status":"publish","type":"post","link":"https:\/\/zamanturkmenistan.com.tm\/?p=132041","title":{"rendered":"T\u00fcrkmenistany\u0148 Saud Arabystandaky Il\u00e7ihanasy sport \u00fdary\u015flaryny ge\u00e7irdi"},"content":{"rendered":"<p>Er-Ri\u00fdad \u015f\u00e4herinde T\u00fcrkmenistany\u0148 Saud Arabystany Paty\u015falygyndaky Il\u00e7ihanasyny\u0148 guramagynda T\u00fcrkmenistany\u0148 hemi\u015felik Bitaraplygyny\u0148 30 \u00fdyllygy hem-de 2025-nji \u00fdyly\u0148 \u00abHalkara parahat\u00e7ylyk we ynany\u015fmak \u00fdyly\u00bb di\u00fdlip yglan edilmegi mynasybetli sportu\u0148 futbol we k\u00fc\u015ft g\u00f6rn\u00fc\u015fleri bo\u00fdun\u00e7a \u00fdary\u015flary ge\u00e7irildi.<br \/>\n\u00c7\u00e4r\u00e4 Saud Arabystany Paty\u015falygynda \u00fderle\u015f\u00fd\u00e4n diplomatik wekilhanalaryny\u0148 \u00fdolba\u015f\u00e7ylary we i\u015fg\u00e4rleri, hem-de bu \u00fderde \u00fda\u015fa\u00fdan t\u00fcrkmen diasporasyny\u0148 wekilleri gatna\u015fdylar.<br \/>\n\u00c7\u00e4r\u00e4ni\u0148 ahyrynda tapawutlanan gatna\u015fyjylara Il\u00e7ihana tarapyndan sylaglar gow\u015furyldy we t\u00fcrkmen milli tagamlary h\u00f6d\u00fcr edildi.<\/p>\n","protected":false},"excerpt":{"rendered":"<p>Er-Ri\u00fdad \u015f\u00e4herinde T\u00fcrkmenistany\u0148 Saud Arabystany Paty\u015falygyndaky Il\u00e7ihanasyny\u0148 guramagynda T\u00fcrkmenistany\u0148 hemi\u015felik Bitaraplygyny\u0148 30 \u00fdyllygy hem-de 2025-nji \u00fdyly\u0148 \u00abHalkara parahat\u00e7ylyk we ynany\u015fmak \u00fdyly\u00bb di\u00fdlip yglan edilmegi mynasybetli sportu\u0148 futbol we k\u00fc\u015ft g\u00f6rn\u00fc\u015fleri bo\u00fdun\u00e7a \u00fdary\u015flary ge\u00e7irildi. \u00c7\u00e4r\u00e4 Saud Arabystany Paty\u015falygynda \u00fderle\u015f\u00fd\u00e4n diplomatik wekilhanalaryny\u0148 \u00fdolba\u015f\u00e7ylary we i\u015fg\u00e4rleri, hem-de bu \u00fderde \u00fda\u015fa\u00fdan t\u00fcrkmen diasporasyny\u0148 wekilleri gatna\u015fdylar. \u00c7\u00e4r\u00e4ni\u0148 ahyrynda tapawutlanan gatna\u015fyjylara [&hellip;]<\/p>\n","protected":false},"author":2,"featured_media":132042,"comment_status":"open","ping_status":"closed","sticky":false,"template":"","format":"standard","meta":{"footnotes":""},"categories":[3],"tags":[],"acf":[],"_links":{"self":[{"href":"https:\/\/zamanturkmenistan.com.tm\/index.php?rest_route=\/wp\/v2\/posts\/132041"}],"collection":[{"href":"https:\/\/zamanturkmenistan.com.tm\/index.php?rest_route=\/wp\/v2\/posts"}],"about":[{"href":"https:\/\/zamanturkmenistan.com.tm\/index.php?rest_route=\/wp\/v2\/types\/post"}],"author":[{"embeddable":true,"href":"https:\/\/zamanturkmenistan.com.tm\/index.php?rest_route=\/wp\/v2\/users\/2"}],"replies":[{"embeddable":true,"href":"https:\/\/zamanturkmenistan.com.tm\/index.php?rest_route=%2Fwp%2Fv2%2Fcomments&post=132041"}],"version-history":[{"count":1,"href":"https:\/\/zamanturkmenistan.com.tm\/index.php?rest_route=\/wp\/v2\/posts\/132041\/revisions"}],"predecessor-version":[{"id":132043,"href":"https:\/\/zamanturkmenistan.com.tm\/index.php?rest_route=\/wp\/v2\/posts\/132041\/revisions\/132043"}],"wp:featuredmedia":[{"embeddable":true,"href":"https:\/\/zamanturkmenistan.com.tm\/index.php?rest_route=\/wp\/v2\/media\/132042"}],"wp:attachment":[{"href":"https:\/\/zamanturkmenistan.com.tm\/index.php?rest_route=%2Fwp%2Fv2%2Fmedia&parent=132041"}],"wp:term":[{"taxonomy":"category","embeddable":true,"href":"https:\/\/zamanturkmenistan.com.tm\/index.php?rest_route=%2Fwp%2Fv2%2Fcategories&post=132041"},{"taxonomy":"post_tag","embeddable":true,"href":"https:\/\/zamanturkmenistan.com.tm\/index.php?rest_route=%2Fwp%2Fv2%2Ftags&post=132041"}],"curies":[{"name":"wp","href":"https:\/\/api.w.org\/{rel}","templated":true}]}}