{"id":132645,"date":"2025-04-18T20:01:18","date_gmt":"2025-04-18T15:01:18","guid":{"rendered":"https:\/\/zamanturkmenistan.com.tm\/?p=132645"},"modified":"2025-04-18T20:01:18","modified_gmt":"2025-04-18T15:01:18","slug":"yylyn-awtomobili-belli-boldy","status":"publish","type":"post","link":"https:\/\/zamanturkmenistan.com.tm\/?p=132645","title":{"rendered":"\u201c\u00ddyly\u0148 awtomobili\u201d belli boldy"},"content":{"rendered":"<p>N\u00fdu-\u00ddork halkara awtosergisinde \u201cWorld Car of the Year\u201d ba\u00fdragyny\u0148 jemleri jemlenip, \u015fu \u00fdyly\u0148 ba\u015f ba\u00fdragyna \u201cKia EV3\u201d elektroulagy e\u00fde boldy. Kore\u00fd brendini\u0148 ulagy b\u00e4sde\u015flerini\u0148 \u00e4hlisinden \u00f6\u0148e ge\u00e7ip, \u201c\u00ddyly\u0148 b\u00fctind\u00fcn\u00fd\u00e4 awtoulagy\u201d adyny e\u00fde boldy. \u201cKia EV3\u201d d\u00f6wrebap diza\u00fdny we tehniki a\u00fdratynlyklary bilen tapawutlan\u00fdar. Ulagy\u0148 ge\u00e7\u00fd\u00e4n \u00fdoly 605 kilometre de\u0148, doly zar\u00fdad bermek bolsa \u00fdarym sagat t\u00f6weregi wagt al\u00fdar.<\/p>\n","protected":false},"excerpt":{"rendered":"<p>N\u00fdu-\u00ddork halkara awtosergisinde \u201cWorld Car of the Year\u201d ba\u00fdragyny\u0148 jemleri jemlenip, \u015fu \u00fdyly\u0148 ba\u015f ba\u00fdragyna \u201cKia EV3\u201d elektroulagy e\u00fde boldy. Kore\u00fd brendini\u0148 ulagy b\u00e4sde\u015flerini\u0148 \u00e4hlisinden \u00f6\u0148e ge\u00e7ip, \u201c\u00ddyly\u0148 b\u00fctind\u00fcn\u00fd\u00e4 awtoulagy\u201d adyny e\u00fde boldy. \u201cKia EV3\u201d d\u00f6wrebap diza\u00fdny we tehniki a\u00fdratynlyklary bilen tapawutlan\u00fdar. Ulagy\u0148 ge\u00e7\u00fd\u00e4n \u00fdoly 605 kilometre de\u0148, doly zar\u00fdad bermek bolsa \u00fdarym sagat t\u00f6weregi [&hellip;]<\/p>\n","protected":false},"author":2,"featured_media":132633,"comment_status":"open","ping_status":"closed","sticky":false,"template":"","format":"standard","meta":{"footnotes":""},"categories":[8],"tags":[],"acf":[],"_links":{"self":[{"href":"https:\/\/zamanturkmenistan.com.tm\/index.php?rest_route=\/wp\/v2\/posts\/132645"}],"collection":[{"href":"https:\/\/zamanturkmenistan.com.tm\/index.php?rest_route=\/wp\/v2\/posts"}],"about":[{"href":"https:\/\/zamanturkmenistan.com.tm\/index.php?rest_route=\/wp\/v2\/types\/post"}],"author":[{"embeddable":true,"href":"https:\/\/zamanturkmenistan.com.tm\/index.php?rest_route=\/wp\/v2\/users\/2"}],"replies":[{"embeddable":true,"href":"https:\/\/zamanturkmenistan.com.tm\/index.php?rest_route=%2Fwp%2Fv2%2Fcomments&post=132645"}],"version-history":[{"count":1,"href":"https:\/\/zamanturkmenistan.com.tm\/index.php?rest_route=\/wp\/v2\/posts\/132645\/revisions"}],"predecessor-version":[{"id":132646,"href":"https:\/\/zamanturkmenistan.com.tm\/index.php?rest_route=\/wp\/v2\/posts\/132645\/revisions\/132646"}],"wp:featuredmedia":[{"embeddable":true,"href":"https:\/\/zamanturkmenistan.com.tm\/index.php?rest_route=\/wp\/v2\/media\/132633"}],"wp:attachment":[{"href":"https:\/\/zamanturkmenistan.com.tm\/index.php?rest_route=%2Fwp%2Fv2%2Fmedia&parent=132645"}],"wp:term":[{"taxonomy":"category","embeddable":true,"href":"https:\/\/zamanturkmenistan.com.tm\/index.php?rest_route=%2Fwp%2Fv2%2Fcategories&post=132645"},{"taxonomy":"post_tag","embeddable":true,"href":"https:\/\/zamanturkmenistan.com.tm\/index.php?rest_route=%2Fwp%2Fv2%2Ftags&post=132645"}],"curies":[{"name":"wp","href":"https:\/\/api.w.org\/{rel}","templated":true}]}}