{"id":132696,"date":"2025-04-19T10:31:04","date_gmt":"2025-04-19T05:31:04","guid":{"rendered":"https:\/\/zamanturkmenistan.com.tm\/?p=132696"},"modified":"2025-04-19T10:31:04","modified_gmt":"2025-04-19T05:31:04","slug":"halkara-sowda-we-hyzmatlar-atly-sergi-yarmarka-hem-de-turkmenistanda-halkara-ulnulerine-layyk-gelyan-hil-upjunciligi-atly-halkara-maslahaty-29-njy-aprel-1-nji-may","status":"publish","type":"post","link":"https:\/\/zamanturkmenistan.com.tm\/?p=132696","title":{"rendered":"\u00abHalkara s\u00f6wda we hyzmatlar\u00bb atly sergi-\u00fdarmarka hem-de \u00abT\u00fcrkmenistanda halkara \u00fcl\u0148\u00fclerine la\u00fdyk gel\u00fd\u00e4n hil \u00fcpj\u00fcn\u00e7iligi\u00bb atly halkara maslahaty (29-njy aprel \u2014 1-nji ma\u00fd)"},"content":{"rendered":"<p>29-njy aprel \u2014 1-nji ma\u00fd aralygynda pa\u00fdtagtymyzy\u0148 S\u00f6wda-senagat edarasynda \u00abHalkara s\u00f6wda we hyzmatlar\u00bb atly sergi-\u00fdarmarkany hem-de \u00abT\u00fcrkmenistanda halkara \u00fcl\u0148\u00fclerine la\u00fdyk gel\u00fd\u00e4n hil \u00fcpj\u00fcn\u00e7iligi\u00bb atly halkara maslahaty (ITSE) ge\u00e7iriler. Bu halkara \u00e7\u00e4releri T\u00fcrkmenistany\u0148 S\u00f6wda-senagat edarasy bilen \u201cTurkmenExpo\u201d kompani\u00fdasy gura\u00fdar.<\/p>\n<p><strong>Sergini\u0148 ge\u00e7iril\u00fd\u00e4n \u00fderi<\/strong><\/p>\n<p>T\u00fcrkmenistany\u0148 S\u00f6wda-senagat edarasyny\u0148 binasy.<\/p>\n<p>A\u015fgabat \u015f\u00e4heri, \u00c7andybil \u015fa\u00fdoly, 143.<\/p>\n<p><strong>Ge\u00e7iril\u00fd\u00e4n senesi<\/strong><strong>:<\/strong> 29-njy aprel &#8211; 1-nji ma\u00fd;\u00a0 Sagat: 09:00 \u2013 18:00.<\/p>\n<p><strong>Habarla\u015fmak \u00fc\u00e7in<\/strong>\u00a0:\u00a0+99363718543 \/ 99363719588<\/p>\n<p>+ (99312)39-88-86: +993 65 71-46-13<\/p>\n<p><strong>Email<\/strong><strong>:<\/strong> contact@turkmenexpo.com<\/p>\n<p>sergi4@cci.gov.tm<\/p>\n<p>&nbsp;<\/p>\n","protected":false},"excerpt":{"rendered":"<p>29-njy aprel \u2014 1-nji ma\u00fd aralygynda pa\u00fdtagtymyzy\u0148 S\u00f6wda-senagat edarasynda \u00abHalkara s\u00f6wda we hyzmatlar\u00bb atly sergi-\u00fdarmarkany hem-de \u00abT\u00fcrkmenistanda halkara \u00fcl\u0148\u00fclerine la\u00fdyk gel\u00fd\u00e4n hil \u00fcpj\u00fcn\u00e7iligi\u00bb atly halkara maslahaty (ITSE) ge\u00e7iriler. Bu halkara \u00e7\u00e4releri T\u00fcrkmenistany\u0148 S\u00f6wda-senagat edarasy bilen \u201cTurkmenExpo\u201d kompani\u00fdasy gura\u00fdar. Sergini\u0148 ge\u00e7iril\u00fd\u00e4n \u00fderi T\u00fcrkmenistany\u0148 S\u00f6wda-senagat edarasyny\u0148 binasy. A\u015fgabat \u015f\u00e4heri, \u00c7andybil \u015fa\u00fdoly, 143. Ge\u00e7iril\u00fd\u00e4n senesi: 29-njy aprel &#8211; [&hellip;]<\/p>\n","protected":false},"author":2,"featured_media":132697,"comment_status":"open","ping_status":"closed","sticky":false,"template":"","format":"standard","meta":{"footnotes":""},"categories":[8273],"tags":[],"acf":[],"_links":{"self":[{"href":"https:\/\/zamanturkmenistan.com.tm\/index.php?rest_route=\/wp\/v2\/posts\/132696"}],"collection":[{"href":"https:\/\/zamanturkmenistan.com.tm\/index.php?rest_route=\/wp\/v2\/posts"}],"about":[{"href":"https:\/\/zamanturkmenistan.com.tm\/index.php?rest_route=\/wp\/v2\/types\/post"}],"author":[{"embeddable":true,"href":"https:\/\/zamanturkmenistan.com.tm\/index.php?rest_route=\/wp\/v2\/users\/2"}],"replies":[{"embeddable":true,"href":"https:\/\/zamanturkmenistan.com.tm\/index.php?rest_route=%2Fwp%2Fv2%2Fcomments&post=132696"}],"version-history":[{"count":1,"href":"https:\/\/zamanturkmenistan.com.tm\/index.php?rest_route=\/wp\/v2\/posts\/132696\/revisions"}],"predecessor-version":[{"id":132698,"href":"https:\/\/zamanturkmenistan.com.tm\/index.php?rest_route=\/wp\/v2\/posts\/132696\/revisions\/132698"}],"wp:featuredmedia":[{"embeddable":true,"href":"https:\/\/zamanturkmenistan.com.tm\/index.php?rest_route=\/wp\/v2\/media\/132697"}],"wp:attachment":[{"href":"https:\/\/zamanturkmenistan.com.tm\/index.php?rest_route=%2Fwp%2Fv2%2Fmedia&parent=132696"}],"wp:term":[{"taxonomy":"category","embeddable":true,"href":"https:\/\/zamanturkmenistan.com.tm\/index.php?rest_route=%2Fwp%2Fv2%2Fcategories&post=132696"},{"taxonomy":"post_tag","embeddable":true,"href":"https:\/\/zamanturkmenistan.com.tm\/index.php?rest_route=%2Fwp%2Fv2%2Ftags&post=132696"}],"curies":[{"name":"wp","href":"https:\/\/api.w.org\/{rel}","templated":true}]}}