{"id":132700,"date":"2025-04-19T10:33:29","date_gmt":"2025-04-19T05:33:29","guid":{"rendered":"https:\/\/zamanturkmenistan.com.tm\/?p=132700"},"modified":"2025-04-19T10:33:29","modified_gmt":"2025-04-19T05:33:29","slug":"turkmenbasydaky-nebiti-gaytadan-isleyan-zawodlar-toplumynyn-suw-upjuncilik-desgalaryy-dowrebaplasdyrylar","status":"publish","type":"post","link":"https:\/\/zamanturkmenistan.com.tm\/?p=132700","title":{"rendered":"T\u00fcrkmenba\u015fydaky nebiti ga\u00fdtadan i\u015fle\u00fd\u00e4n zawodlar toplumyny\u0148 suw \u00fcpj\u00fcn\u00e7ilik desgalaryy d\u00f6wrebapla\u015fdyrylar"},"content":{"rendered":"<p>18-nji aprelde ge\u00e7irilen sanly ulgam arkaly Ministrler Kabinetini\u0148 mejlisinde Ministrler Kabinetini\u0148 Ba\u015flygyny\u0148 orunbasary B.Amanow \u201cT\u00fcrkmennebit\u201d d\u00f6wlet konsernini\u0148 T\u00fcrkmenba\u015fydaky nebiti ga\u00fdtadan i\u015fle\u00fd\u00e4n zawodlar toplumyny\u0148 suw \u00fcpj\u00fcn\u00e7ilik desgalaryny we ulgamlaryny d\u00f6wrebapla\u015fdyrmak bo\u00fdun\u00e7a alnyp baryl\u00fdan i\u015fler barada hasabat berdi. Bellenili\u015fi \u00fdaly, bu i\u015fler \u201cT\u00fcrkmenistany\u0148 Prezidentini\u0148 \u00fdurdumyzy 2022 \u2014 2028-nji \u00fdyllarda durmu\u015f-ykdysady ta\u00fddan \u00f6sd\u00fcrmegi\u0148 Maksatnamasynda\u201d g\u00f6z \u00f6\u0148\u00fcnde tutulan wezipelere la\u00fdyklykda alnyp baryl\u00fdar. Munu\u0148 \u00f6zi senagat-\u00f6n\u00fcm\u00e7ilik desgalaryny\u0148 \u00fcpj\u00fcn\u00e7ilik ulgamlaryny has-da k\u00e4mille\u015fdirm\u00e4ge, d\u00f6wrebap tehnologi\u00fdalary gi\u0148den orna\u015fdyrmaga g\u00f6n\u00fckdirilen i\u015fleri \u00fcst\u00fcnlikli \u00fderine \u00fdetirm\u00e4ge, hususan-da, zawodlar toplumyny\u0148 \u00f6n\u00fcm\u00e7iligi \u00fc\u00e7in suwu\u0148 zerur bolan m\u00f6\u00e7beri bilen b\u00f6kden\u00e7siz \u00fcpj\u00fcn etm\u00e4ge m\u00fcmkin\u00e7ilik berer. \u015eunu\u0148 bilen baglylykda, wise-prem\u00fder Arkadagly Gahryman Serdarymyzy\u0148 garamagyna degi\u015fli teklibi h\u00f6d\u00fcrledi.<br \/>\nHormatly Prezidentimiz hasabaty di\u0148l\u00e4p, \u00fdurdumyzy\u0148 nebiti ga\u00fdtadan i\u015fle\u00fd\u00e4n senagatyny \u00f6sd\u00fcrmek we yzygiderli d\u00f6wrebapla\u015fdyrmak babatda maksatnamala\u00fdyn i\u015fleri\u0148 alnyp baryl\u00fdandygyny nygtady. \u015eunu\u0148 bilen baglylykda, d\u00f6wlet Ba\u015ftutanymyz T\u00fcrkmenba\u015fydaky nebiti ga\u00fdtadan i\u015fle\u00fd\u00e4n zawodlar toplumyny\u0148 suw \u00fcpj\u00fcn\u00e7ilik desgalaryny we ulgamlaryny d\u00f6wrebap \u00fdagda\u00fda getirmek bo\u00fdun\u00e7a teklibi makullady hem-de wise-prem\u00fdere degi\u015fli i\u015fleri ge\u00e7irmegi tab\u015fyrdy.<\/p>\n","protected":false},"excerpt":{"rendered":"<p>18-nji aprelde ge\u00e7irilen sanly ulgam arkaly Ministrler Kabinetini\u0148 mejlisinde Ministrler Kabinetini\u0148 Ba\u015flygyny\u0148 orunbasary B.Amanow \u201cT\u00fcrkmennebit\u201d d\u00f6wlet konsernini\u0148 T\u00fcrkmenba\u015fydaky nebiti ga\u00fdtadan i\u015fle\u00fd\u00e4n zawodlar toplumyny\u0148 suw \u00fcpj\u00fcn\u00e7ilik desgalaryny we ulgamlaryny d\u00f6wrebapla\u015fdyrmak bo\u00fdun\u00e7a alnyp baryl\u00fdan i\u015fler barada hasabat berdi. Bellenili\u015fi \u00fdaly, bu i\u015fler \u201cT\u00fcrkmenistany\u0148 Prezidentini\u0148 \u00fdurdumyzy 2022 \u2014 2028-nji \u00fdyllarda durmu\u015f-ykdysady ta\u00fddan \u00f6sd\u00fcrmegi\u0148 Maksatnamasynda\u201d g\u00f6z \u00f6\u0148\u00fcnde tutulan wezipelere [&hellip;]<\/p>\n","protected":false},"author":2,"featured_media":72160,"comment_status":"open","ping_status":"closed","sticky":false,"template":"","format":"standard","meta":{"footnotes":""},"categories":[3],"tags":[],"acf":[],"_links":{"self":[{"href":"https:\/\/zamanturkmenistan.com.tm\/index.php?rest_route=\/wp\/v2\/posts\/132700"}],"collection":[{"href":"https:\/\/zamanturkmenistan.com.tm\/index.php?rest_route=\/wp\/v2\/posts"}],"about":[{"href":"https:\/\/zamanturkmenistan.com.tm\/index.php?rest_route=\/wp\/v2\/types\/post"}],"author":[{"embeddable":true,"href":"https:\/\/zamanturkmenistan.com.tm\/index.php?rest_route=\/wp\/v2\/users\/2"}],"replies":[{"embeddable":true,"href":"https:\/\/zamanturkmenistan.com.tm\/index.php?rest_route=%2Fwp%2Fv2%2Fcomments&post=132700"}],"version-history":[{"count":1,"href":"https:\/\/zamanturkmenistan.com.tm\/index.php?rest_route=\/wp\/v2\/posts\/132700\/revisions"}],"predecessor-version":[{"id":132701,"href":"https:\/\/zamanturkmenistan.com.tm\/index.php?rest_route=\/wp\/v2\/posts\/132700\/revisions\/132701"}],"wp:featuredmedia":[{"embeddable":true,"href":"https:\/\/zamanturkmenistan.com.tm\/index.php?rest_route=\/wp\/v2\/media\/72160"}],"wp:attachment":[{"href":"https:\/\/zamanturkmenistan.com.tm\/index.php?rest_route=%2Fwp%2Fv2%2Fmedia&parent=132700"}],"wp:term":[{"taxonomy":"category","embeddable":true,"href":"https:\/\/zamanturkmenistan.com.tm\/index.php?rest_route=%2Fwp%2Fv2%2Fcategories&post=132700"},{"taxonomy":"post_tag","embeddable":true,"href":"https:\/\/zamanturkmenistan.com.tm\/index.php?rest_route=%2Fwp%2Fv2%2Ftags&post=132700"}],"curies":[{"name":"wp","href":"https:\/\/api.w.org\/{rel}","templated":true}]}}