{"id":132741,"date":"2025-04-19T11:18:14","date_gmt":"2025-04-19T06:18:14","guid":{"rendered":"https:\/\/zamanturkmenistan.com.tm\/?p=132741"},"modified":"2025-04-19T11:18:14","modified_gmt":"2025-04-19T06:18:14","slug":"yurdumyzda-oba-hojalyk-ugry-boyunca-yoritelesdirilen-ekspo-halkara-sergisini-gecirmek-meyillesdirilyar","status":"publish","type":"post","link":"https:\/\/zamanturkmenistan.com.tm\/?p=132741","title":{"rendered":"\u00ddurdumyzda oba hojalyk ugry bo\u00fdun\u00e7a \u00fd\u00f6ritele\u015fdirilen EKSPO halkara sergisini ge\u00e7irmek me\u00fdille\u015fdiril\u00fd\u00e4r"},"content":{"rendered":"<p>T\u00fcrkmenistany\u0148 Prezidentini\u0148 2023-nji \u00fdyly\u0148 25-nji awgustyndaky Karary bilen tassyklanan \u00abT\u00fcrkmenistany\u0148 halkara sergi i\u015fini\u0148 2024-2025-nji \u00fdyllar \u00fc\u00e7in Konsepsi\u00fdasyny\u00bb durmu\u015fa ge\u00e7irmek bo\u00fdun\u00e7a degi\u015fli \u00e7\u00e4reler g\u00f6r\u00fcl\u00fd\u00e4r. Konsepsi\u00fdany\u0148 \u00e7\u00e4klerinde Halkara sergiler b\u00fdurosy bilen hyzmatda\u015flygy gi\u0148eltmek bo\u00fdun\u00e7a 2023 \u2014 2025-nji \u00fdyllar \u00fc\u00e7in Milli me\u00fdilnama i\u015flenip ta\u00fd\u00fdarlanyldy we h\u00e4zirki wagtda bu resminama bellenen tertipde amala a\u015fyryl\u00fdar.<br \/>\nGeljek \u00fdyllary\u0148 dowamynda \u00fdurdumyzda Halkara sergiler b\u00fdurosy bilen bilelikde oba hojalyk ugry bo\u00fdun\u00e7a \u00fd\u00f6ritele\u015fdirilen EKSPO halkara sergisini ge\u00e7irmegi\u0148 m\u00fcmkin\u00e7iliklerini \u00f6wrenmek we bu babatda deslapky ta\u00fd\u00fdarlyk i\u015flerini ge\u00e7irmek baradaky teklip h\u00f6d\u00fcrlenildi. \u015ee\u00fdle-de agzalan sergini T\u00fcrkmenistanda ge\u00e7irmek bo\u00fdun\u00e7a \u00fd\u00f6rite gaznany d\u00f6retmek babatda \u00e7\u00e4releri g\u00f6rmek we \u015funu\u0148 bilen baglylykda, iri halkara kompani\u00fdalar bilen geple\u015fikleri ge\u00e7irmek teklip edil\u00fd\u00e4r.<br \/>\n\u00ddurdumyzy\u0148 halkara sergi i\u015fini mundan be\u00fdl\u00e4k-de k\u00e4mille\u015fdirm\u00e4ge, T\u00fcrkmenistany\u0148 \u00f6\u0148\u00fcmizd\u00e4ki B\u00fctind\u00fcn\u00fd\u00e4 \u00fd\u00f6ritele\u015fdirilen sergilerine \u00fdokary derejede gatna\u015fmagyny \u00fcpj\u00fcn etmek \u00fc\u00e7in degi\u015fli i\u015fleri amala a\u015fyrmaga g\u00f6n\u00fckdirilen degi\u015fli resminamalary\u0148 taslamalaryny ta\u00fd\u00fdarlamak bilen bagly teklipler ta\u00fd\u00fdarlandy. \u015eolary\u0148 hatarynda 2027-nji \u00fdyly\u0148 19-njy marty \u2014 26-njy sent\u00fdabry aralygynda \u00ddaponi\u00fdany\u0148 \u00ddokogama \u015f\u00e4herinde ge\u00e7iriljek ekologi\u00fda we tebigaty goramak meselesine bagy\u015flanan \u00abGreen EKSPO \u2014 2027\u00bb hem-de 2027-nji \u00fdyly\u0148 15-nji ma\u00fdy \u2014 15-nji awgusty aralygynda Serbi\u00fda Respublikasyny\u0148 Belgrad \u015f\u00e4herinde \u00abO\u00fdun adamzat \u00fc\u00e7in: sport we saz hemmeler \u00fc\u00e7in\u00bb di\u00fden \u015fygar astynda ge\u00e7iriljek \u00abEKSPO \u2014 2027\u00bb B\u00fctind\u00fcn\u00fd\u00e4 \u00fd\u00f6ritele\u015fdirilen sergileri bar. \u015ee\u00fdle-de t\u00fcrkmen h\u00fcn\u00e4rmenleri \u00fc\u00e7in sergi-\u00fdarmarka i\u015fi bo\u00fdun\u00e7a d\u00fcn\u00fd\u00e4ni\u0148 \u00f6\u0148debaryjy \u00fdurtlaryny\u0148 we halkara guramalary\u0148 wekilleri bilen okuw maslahatlaryny guramak, da\u015fary \u00fdurtlardaky okuw merkezlerinde olary\u0148 h\u00fcn\u00e4r derejelerini \u00fdokarlandyrmak maksady bilen, 2025 \u2014 2027-nji \u00fdyllar \u00fc\u00e7in degi\u015fli Maksatnamany ta\u00fd\u00fdarlamak teklip edil\u00fd\u00e4r.<br \/>\nBu barada 18-nji aprelde ge\u00e7irilen sanly ulgam arkaly Ministrler Kabinetini\u0148 mejlisinde Ministrler Kabinetini\u0148 Ba\u015flygyny\u0148 orunbasary, da\u015fary i\u015fler ministri R.Meredow hasabat berdi.<\/p>\n","protected":false},"excerpt":{"rendered":"<p>T\u00fcrkmenistany\u0148 Prezidentini\u0148 2023-nji \u00fdyly\u0148 25-nji awgustyndaky Karary bilen tassyklanan \u00abT\u00fcrkmenistany\u0148 halkara sergi i\u015fini\u0148 2024-2025-nji \u00fdyllar \u00fc\u00e7in Konsepsi\u00fdasyny\u00bb durmu\u015fa ge\u00e7irmek bo\u00fdun\u00e7a degi\u015fli \u00e7\u00e4reler g\u00f6r\u00fcl\u00fd\u00e4r. Konsepsi\u00fdany\u0148 \u00e7\u00e4klerinde Halkara sergiler b\u00fdurosy bilen hyzmatda\u015flygy gi\u0148eltmek bo\u00fdun\u00e7a 2023 \u2014 2025-nji \u00fdyllar \u00fc\u00e7in Milli me\u00fdilnama i\u015flenip ta\u00fd\u00fdarlanyldy we h\u00e4zirki wagtda bu resminama bellenen tertipde amala a\u015fyryl\u00fdar. Geljek \u00fdyllary\u0148 dowamynda \u00fdurdumyzda Halkara [&hellip;]<\/p>\n","protected":false},"author":2,"featured_media":107226,"comment_status":"open","ping_status":"closed","sticky":false,"template":"","format":"standard","meta":{"footnotes":""},"categories":[3],"tags":[],"acf":[],"_links":{"self":[{"href":"https:\/\/zamanturkmenistan.com.tm\/index.php?rest_route=\/wp\/v2\/posts\/132741"}],"collection":[{"href":"https:\/\/zamanturkmenistan.com.tm\/index.php?rest_route=\/wp\/v2\/posts"}],"about":[{"href":"https:\/\/zamanturkmenistan.com.tm\/index.php?rest_route=\/wp\/v2\/types\/post"}],"author":[{"embeddable":true,"href":"https:\/\/zamanturkmenistan.com.tm\/index.php?rest_route=\/wp\/v2\/users\/2"}],"replies":[{"embeddable":true,"href":"https:\/\/zamanturkmenistan.com.tm\/index.php?rest_route=%2Fwp%2Fv2%2Fcomments&post=132741"}],"version-history":[{"count":1,"href":"https:\/\/zamanturkmenistan.com.tm\/index.php?rest_route=\/wp\/v2\/posts\/132741\/revisions"}],"predecessor-version":[{"id":132742,"href":"https:\/\/zamanturkmenistan.com.tm\/index.php?rest_route=\/wp\/v2\/posts\/132741\/revisions\/132742"}],"wp:featuredmedia":[{"embeddable":true,"href":"https:\/\/zamanturkmenistan.com.tm\/index.php?rest_route=\/wp\/v2\/media\/107226"}],"wp:attachment":[{"href":"https:\/\/zamanturkmenistan.com.tm\/index.php?rest_route=%2Fwp%2Fv2%2Fmedia&parent=132741"}],"wp:term":[{"taxonomy":"category","embeddable":true,"href":"https:\/\/zamanturkmenistan.com.tm\/index.php?rest_route=%2Fwp%2Fv2%2Fcategories&post=132741"},{"taxonomy":"post_tag","embeddable":true,"href":"https:\/\/zamanturkmenistan.com.tm\/index.php?rest_route=%2Fwp%2Fv2%2Ftags&post=132741"}],"curies":[{"name":"wp","href":"https:\/\/api.w.org\/{rel}","templated":true}]}}