{"id":132743,"date":"2025-04-19T11:20:53","date_gmt":"2025-04-19T06:20:53","guid":{"rendered":"https:\/\/zamanturkmenistan.com.tm\/?p=132743"},"modified":"2025-04-19T11:20:53","modified_gmt":"2025-04-19T06:20:53","slug":"jorja-meloninin-abs-a-sapary","status":"publish","type":"post","link":"https:\/\/zamanturkmenistan.com.tm\/?p=132743","title":{"rendered":"Jorja Melonini\u0148 AB\u015e-a sapary"},"content":{"rendered":"<p>AB\u015e-ny\u0148 Prezidenti Donald Tramp we Itali\u00fdany\u0148 Prem\u00fder-ministri Jorja Meloni Ak tamda du\u015fu\u015fyp, AB\u015e bilen \u00ddewropa Bilele\u015figini\u0148 s\u00f6wda meseleleri barada ylala\u015fyk gazanyp biljekdigine ynam bildirdiler. Meloni Wa\u015fingtony &#8220;ygtybarly hyzmatda\u015f&#8221; di\u00fdip baha berdi. Ol Trampy\u0148 \u00fdakyn wagtda Rime baryp g\u00f6rmek baradaky \u00e7akylygyny kabul edendigini we be\u00fdleki \u00ddewropa liderleri bilen du\u015fu\u015fmagy g\u00f6z \u00f6\u0148\u00fcnde tut\u00fdandygyny a\u00fdtdy.<br \/>\n&#8211; Bizi\u0148 k\u00e4bir meseleler babatda kyn\u00e7ylyklarymyz bar bolsa-da, du\u015fu\u015fmagy\u0148 we \u00e7\u00f6zg\u00fct tapmagy\u0148 wagty geldi \u2013 di\u00fdip, Itali\u00fdany\u0148 Prem\u00fder-ministri belledi.<br \/>\nSag\u00e7y populist gara\u00fdy\u015flara e\u00fde Jorja Meloni, immigrasi\u00fda sy\u00fdasaty \u00fdaly k\u00f6p meselelerde Donald Trampy\u0148 gara\u00fdy\u015flaryna e\u00fder\u00fd\u00e4ndigini a\u00fdtdy. &#8211; Meni\u0148 maksadym G\u00fcnbatary \u00fdene-de be\u00fdik etmek we men muny bilelikde edip bileris di\u00fdip pikir ed\u00fd\u00e4rin &#8211; di\u00fdip, Meloni belledi.<br \/>\nItali\u00fdany\u0148 Prem\u00fder-ministri Jorja Meloni bilen AB\u015e-ny\u0148 Prezidenti Donald Trampy\u0148 Ak Tamda ge\u00e7irilen du\u015fu\u015fygyndan so\u0148 AB\u015e-ny\u0148 wise-prezidenti J.D.Wens Rime sapar etdi. Wens Itali\u00fdany\u0148 Prem\u00fder-ministri Jorja Meloni bilen du\u015fu\u015fandan so\u0148 20-nji aprelde Watikanda Pasha ba\u00fdram\u00e7ylygyna gatna\u015far we Rim papasy Fransiska bilen du\u015fu\u015fmagy me\u00fdille\u015fdir\u00fd\u00e4r.<\/p>\n","protected":false},"excerpt":{"rendered":"<p>AB\u015e-ny\u0148 Prezidenti Donald Tramp we Itali\u00fdany\u0148 Prem\u00fder-ministri Jorja Meloni Ak tamda du\u015fu\u015fyp, AB\u015e bilen \u00ddewropa Bilele\u015figini\u0148 s\u00f6wda meseleleri barada ylala\u015fyk gazanyp biljekdigine ynam bildirdiler. Meloni Wa\u015fingtony &#8220;ygtybarly hyzmatda\u015f&#8221; di\u00fdip baha berdi. Ol Trampy\u0148 \u00fdakyn wagtda Rime baryp g\u00f6rmek baradaky \u00e7akylygyny kabul edendigini we be\u00fdleki \u00ddewropa liderleri bilen du\u015fu\u015fmagy g\u00f6z \u00f6\u0148\u00fcnde tut\u00fdandygyny a\u00fdtdy. &#8211; Bizi\u0148 k\u00e4bir [&hellip;]<\/p>\n","protected":false},"author":2,"featured_media":132744,"comment_status":"open","ping_status":"closed","sticky":false,"template":"","format":"standard","meta":{"footnotes":""},"categories":[5],"tags":[],"acf":[],"_links":{"self":[{"href":"https:\/\/zamanturkmenistan.com.tm\/index.php?rest_route=\/wp\/v2\/posts\/132743"}],"collection":[{"href":"https:\/\/zamanturkmenistan.com.tm\/index.php?rest_route=\/wp\/v2\/posts"}],"about":[{"href":"https:\/\/zamanturkmenistan.com.tm\/index.php?rest_route=\/wp\/v2\/types\/post"}],"author":[{"embeddable":true,"href":"https:\/\/zamanturkmenistan.com.tm\/index.php?rest_route=\/wp\/v2\/users\/2"}],"replies":[{"embeddable":true,"href":"https:\/\/zamanturkmenistan.com.tm\/index.php?rest_route=%2Fwp%2Fv2%2Fcomments&post=132743"}],"version-history":[{"count":1,"href":"https:\/\/zamanturkmenistan.com.tm\/index.php?rest_route=\/wp\/v2\/posts\/132743\/revisions"}],"predecessor-version":[{"id":132745,"href":"https:\/\/zamanturkmenistan.com.tm\/index.php?rest_route=\/wp\/v2\/posts\/132743\/revisions\/132745"}],"wp:featuredmedia":[{"embeddable":true,"href":"https:\/\/zamanturkmenistan.com.tm\/index.php?rest_route=\/wp\/v2\/media\/132744"}],"wp:attachment":[{"href":"https:\/\/zamanturkmenistan.com.tm\/index.php?rest_route=%2Fwp%2Fv2%2Fmedia&parent=132743"}],"wp:term":[{"taxonomy":"category","embeddable":true,"href":"https:\/\/zamanturkmenistan.com.tm\/index.php?rest_route=%2Fwp%2Fv2%2Fcategories&post=132743"},{"taxonomy":"post_tag","embeddable":true,"href":"https:\/\/zamanturkmenistan.com.tm\/index.php?rest_route=%2Fwp%2Fv2%2Ftags&post=132743"}],"curies":[{"name":"wp","href":"https:\/\/api.w.org\/{rel}","templated":true}]}}