{"id":132779,"date":"2025-04-19T16:19:49","date_gmt":"2025-04-19T11:19:49","guid":{"rendered":"https:\/\/zamanturkmenistan.com.tm\/?p=132779"},"modified":"2025-04-19T16:19:49","modified_gmt":"2025-04-19T11:19:49","slug":"global-geopark-derejesi-berildi","status":"publish","type":"post","link":"https:\/\/zamanturkmenistan.com.tm\/?p=132779","title":{"rendered":"Global geopark derejesi berildi"},"content":{"rendered":"<p>Kore\u00fda Halk Demokratik Respublikasyndaky Pektu dagy \u00ddUNESKO-ny\u0148 global geopark derejesine e\u00fde boldy. \u015ee\u00fdlekikde dag bu \u00fdurtda ykrar edilm\u00e4ge mynasyp bolan ilkinji \u00fder boldy. Pektu Demirgazyk Kore\u00fda bilen Hyta\u00fdy\u0148 serhetinde \u00fderle\u015f\u00fd\u00e4n wulkandyr. Bu Kore\u00fd \u00fdarym adasynda i\u0148 be\u00fdik geri\u015f hasaplan\u00fdar. \u00ddUNESKO bu \u00fderi\u0148 tebigy \u00f6zbolu\u015flylygyny we medeni \u00e4hmi\u00fdetini belledi. Dag Demirgazyk we G\u00fcnorta Kore\u00fdany\u0148 \u00fda\u015fa\u00fdjylaryny\u0148 arasynda mukaddes hasaplan\u00fdar. Wulkan so\u0148ky gezek 1903-nji \u00fdylda atylyp, asmana da\u015flar we gazlar zy\u0148ylypdyr.<\/p>\n","protected":false},"excerpt":{"rendered":"<p>Kore\u00fda Halk Demokratik Respublikasyndaky Pektu dagy \u00ddUNESKO-ny\u0148 global geopark derejesine e\u00fde boldy. \u015ee\u00fdlekikde dag bu \u00fdurtda ykrar edilm\u00e4ge mynasyp bolan ilkinji \u00fder boldy. Pektu Demirgazyk Kore\u00fda bilen Hyta\u00fdy\u0148 serhetinde \u00fderle\u015f\u00fd\u00e4n wulkandyr. Bu Kore\u00fd \u00fdarym adasynda i\u0148 be\u00fdik geri\u015f hasaplan\u00fdar. \u00ddUNESKO bu \u00fderi\u0148 tebigy \u00f6zbolu\u015flylygyny we medeni \u00e4hmi\u00fdetini belledi. Dag Demirgazyk we G\u00fcnorta Kore\u00fdany\u0148 \u00fda\u015fa\u00fdjylaryny\u0148 arasynda [&hellip;]<\/p>\n","protected":false},"author":2,"featured_media":132780,"comment_status":"open","ping_status":"closed","sticky":false,"template":"","format":"standard","meta":{"footnotes":""},"categories":[5],"tags":[],"acf":[],"_links":{"self":[{"href":"https:\/\/zamanturkmenistan.com.tm\/index.php?rest_route=\/wp\/v2\/posts\/132779"}],"collection":[{"href":"https:\/\/zamanturkmenistan.com.tm\/index.php?rest_route=\/wp\/v2\/posts"}],"about":[{"href":"https:\/\/zamanturkmenistan.com.tm\/index.php?rest_route=\/wp\/v2\/types\/post"}],"author":[{"embeddable":true,"href":"https:\/\/zamanturkmenistan.com.tm\/index.php?rest_route=\/wp\/v2\/users\/2"}],"replies":[{"embeddable":true,"href":"https:\/\/zamanturkmenistan.com.tm\/index.php?rest_route=%2Fwp%2Fv2%2Fcomments&post=132779"}],"version-history":[{"count":1,"href":"https:\/\/zamanturkmenistan.com.tm\/index.php?rest_route=\/wp\/v2\/posts\/132779\/revisions"}],"predecessor-version":[{"id":132781,"href":"https:\/\/zamanturkmenistan.com.tm\/index.php?rest_route=\/wp\/v2\/posts\/132779\/revisions\/132781"}],"wp:featuredmedia":[{"embeddable":true,"href":"https:\/\/zamanturkmenistan.com.tm\/index.php?rest_route=\/wp\/v2\/media\/132780"}],"wp:attachment":[{"href":"https:\/\/zamanturkmenistan.com.tm\/index.php?rest_route=%2Fwp%2Fv2%2Fmedia&parent=132779"}],"wp:term":[{"taxonomy":"category","embeddable":true,"href":"https:\/\/zamanturkmenistan.com.tm\/index.php?rest_route=%2Fwp%2Fv2%2Fcategories&post=132779"},{"taxonomy":"post_tag","embeddable":true,"href":"https:\/\/zamanturkmenistan.com.tm\/index.php?rest_route=%2Fwp%2Fv2%2Ftags&post=132779"}],"curies":[{"name":"wp","href":"https:\/\/api.w.org\/{rel}","templated":true}]}}