{"id":132782,"date":"2025-04-19T16:35:17","date_gmt":"2025-04-19T11:35:17","guid":{"rendered":"https:\/\/zamanturkmenistan.com.tm\/?p=132782"},"modified":"2025-04-19T16:35:17","modified_gmt":"2025-04-19T11:35:17","slug":"halkara-hytay-dili-gunune-bagyslanan-baslesik","status":"publish","type":"post","link":"https:\/\/zamanturkmenistan.com.tm\/?p=132782","title":{"rendered":"\u201cHalkara hyta\u00fd dili\u201d g\u00fcn\u00fcne bagy\u015flanan b\u00e4sle\u015fik"},"content":{"rendered":"<p>17-nji aprel g\u00fcni T\u00fcrkmenistany\u0148 Bilim ministrligini\u0148 Hyta\u00fd Halk Respublikasyny\u0148 T\u00fcrkmenistandaky Il\u00e7ihanasyny\u0148 we D\u00f6wletm\u00e4mmet Azady adyndaky T\u00fcrkmen milli d\u00fcn\u00fd\u00e4 dilleri institutyny\u0148 bilelikde guramagynda T\u00fcrkmenistany\u0148 \u00fdokary okuw mekdeplerini\u0148 talyplaryny\u0148 arasynda hyta\u00fd dili bo\u00fdun\u00e7a ge\u00e7irilen \u201cSuhang\u00f6\u00fdlik\u201d b\u00e4sle\u015figini\u0148 jemle\u00fdji dabarasy ge\u00e7irildi. \u201cB\u00fctin d\u00fcn\u00fd\u00e4 bir ma\u015fgala\u201d atly temada \u00e7yky\u015flar bilen ge\u00e7en \u201cSuhang\u00f6\u00fdlik\u201d b\u00e4sle\u015figi \u201cHalkara hyta\u00fd dili\u201d g\u00fcn\u00fcne bagy\u015flandy we \u00fdurdumyzda ilkinji gezek talyplary\u0148 arasynda ge\u00e7irildi.<br \/>\nIki tapgyrda ge\u00e7irilen b\u00e4sle\u015figi\u0148 birinji tapgyrynda gatna\u015fyjy talyplar hyta\u00fd dilinde d\u00fczme \u00fdazmak bo\u00fdun\u00e7a b\u00e4sle\u015fdiler. D\u00fczmelere \u00fdurdumyzy\u0148 \u00fdokary okuw mekdeplerinde hyta\u00fd dilinde bilim ber\u00fd\u00e4n hyta\u00fdly mugallymlar baha berdiler.<br \/>\nInstituty\u0148 ba\u015f binasyny\u0148 mejlisler zalynda guralan b\u00e4sle\u015figi\u0148 ikinji tapgyryny\u0148 dabarasyna Hyta\u00fd Halk Respublikasyny\u0148 Adatdan da\u015fary we Doly ygty\u00fdarly il\u00e7isini\u0148 ge\u0148e\u015f\u00e7isi Jo\u0148 Huan we be\u00fdleki wekiller \u015fe\u00fdle-de mugallymlardyr talyplar gatna\u015fdylar. Birinji tapgyrdan sa\u00fdlanan zehinli talyplar emin agzalary\u0148 \u00f6\u0148\u00fcnde \u00f6z i\u015fleri bilen hyta\u00fd dilinde \u00f6z ta\u00fd\u00fdarlan i\u015fleri bilen \u00e7yky\u015f etdiler.<br \/>\n\u00dcst\u00fcnlikli \u00e7yky\u015f eden talyplar b\u00e4sle\u015figi\u0148 \u00fde\u0148ijileri di\u00fdlip yglan edildi we T\u00fcrkmenistany\u0148 Bilim ministrligini\u0148 \u00fdokary okuw mekdebini\u0148 diplomlary bilen we Il\u00e7ihanany\u0148 \u00fd\u00f6rite sowgatlary bilen sylaglanyldy.<\/p>\n","protected":false},"excerpt":{"rendered":"<p>17-nji aprel g\u00fcni T\u00fcrkmenistany\u0148 Bilim ministrligini\u0148 Hyta\u00fd Halk Respublikasyny\u0148 T\u00fcrkmenistandaky Il\u00e7ihanasyny\u0148 we D\u00f6wletm\u00e4mmet Azady adyndaky T\u00fcrkmen milli d\u00fcn\u00fd\u00e4 dilleri institutyny\u0148 bilelikde guramagynda T\u00fcrkmenistany\u0148 \u00fdokary okuw mekdeplerini\u0148 talyplaryny\u0148 arasynda hyta\u00fd dili bo\u00fdun\u00e7a ge\u00e7irilen \u201cSuhang\u00f6\u00fdlik\u201d b\u00e4sle\u015figini\u0148 jemle\u00fdji dabarasy ge\u00e7irildi. \u201cB\u00fctin d\u00fcn\u00fd\u00e4 bir ma\u015fgala\u201d atly temada \u00e7yky\u015flar bilen ge\u00e7en \u201cSuhang\u00f6\u00fdlik\u201d b\u00e4sle\u015figi \u201cHalkara hyta\u00fd dili\u201d g\u00fcn\u00fcne bagy\u015flandy we \u00fdurdumyzda [&hellip;]<\/p>\n","protected":false},"author":2,"featured_media":132783,"comment_status":"open","ping_status":"closed","sticky":false,"template":"","format":"standard","meta":{"footnotes":""},"categories":[3],"tags":[],"acf":[],"_links":{"self":[{"href":"https:\/\/zamanturkmenistan.com.tm\/index.php?rest_route=\/wp\/v2\/posts\/132782"}],"collection":[{"href":"https:\/\/zamanturkmenistan.com.tm\/index.php?rest_route=\/wp\/v2\/posts"}],"about":[{"href":"https:\/\/zamanturkmenistan.com.tm\/index.php?rest_route=\/wp\/v2\/types\/post"}],"author":[{"embeddable":true,"href":"https:\/\/zamanturkmenistan.com.tm\/index.php?rest_route=\/wp\/v2\/users\/2"}],"replies":[{"embeddable":true,"href":"https:\/\/zamanturkmenistan.com.tm\/index.php?rest_route=%2Fwp%2Fv2%2Fcomments&post=132782"}],"version-history":[{"count":1,"href":"https:\/\/zamanturkmenistan.com.tm\/index.php?rest_route=\/wp\/v2\/posts\/132782\/revisions"}],"predecessor-version":[{"id":132784,"href":"https:\/\/zamanturkmenistan.com.tm\/index.php?rest_route=\/wp\/v2\/posts\/132782\/revisions\/132784"}],"wp:featuredmedia":[{"embeddable":true,"href":"https:\/\/zamanturkmenistan.com.tm\/index.php?rest_route=\/wp\/v2\/media\/132783"}],"wp:attachment":[{"href":"https:\/\/zamanturkmenistan.com.tm\/index.php?rest_route=%2Fwp%2Fv2%2Fmedia&parent=132782"}],"wp:term":[{"taxonomy":"category","embeddable":true,"href":"https:\/\/zamanturkmenistan.com.tm\/index.php?rest_route=%2Fwp%2Fv2%2Fcategories&post=132782"},{"taxonomy":"post_tag","embeddable":true,"href":"https:\/\/zamanturkmenistan.com.tm\/index.php?rest_route=%2Fwp%2Fv2%2Ftags&post=132782"}],"curies":[{"name":"wp","href":"https:\/\/api.w.org\/{rel}","templated":true}]}}