{"id":133270,"date":"2025-04-25T11:35:03","date_gmt":"2025-04-25T06:35:03","guid":{"rendered":"https:\/\/zamanturkmenistan.com.tm\/?p=133270"},"modified":"2025-04-25T11:35:03","modified_gmt":"2025-04-25T06:35:03","slug":"katar-dowletinin-dasary-syyasat-edarasynyn-wekilleri-bilen-kiberhowpsuzlyk-boyunca-dususyk-gecirildi","status":"publish","type":"post","link":"https:\/\/zamanturkmenistan.com.tm\/?p=133270","title":{"rendered":"Katar D\u00f6wletini\u0148 da\u015fary sy\u00fdasat edarasyny\u0148 wekilleri bilen kiberhowpsuzlyk bo\u00fdun\u00e7a du\u015fu\u015fyk ge\u00e7irildi"},"content":{"rendered":"<p>24-nji aprelde T\u00fcrkmenistany\u0148 hem-de Katar D\u00f6wletini\u0148 Da\u015fary i\u015fler ministrliklerini\u0148 arasynda kiberhowpsuzlyk bo\u00fdun\u00e7a wideoaragatna\u015fyk arkaly du\u015fu\u015fyk ge\u00e7irildi.<br \/>\nDu\u015fu\u015fyga gatna\u015fan h\u00fcn\u00e4rmenler iki \u00fdurdu\u0148 arasynda kiberhowpsuzlyk we sanly ulgam ugrunda ikitarapla\u00fdyn hyzmatda\u015flygy \u00fdola go\u00fdmak bo\u00fdun\u00e7a pikir aly\u015fdylar.<br \/>\nDu\u015fu\u015fygy\u0148 bar\u015fynda katar tarapy \u00fdurtda ge\u00e7iril\u00fd\u00e4n halkara \u00e7\u00e4relere hem-de tejribe okuwlaryna t\u00fcrkmen wekillerini\u0148 gatna\u015fmagyna uly gyzyklanma bildir\u00fd\u00e4ndiklerini nygtadylar. Taraplar bu ugurda tejribe aly\u015fmagy dowam etdirmek barada ylala\u015fdylar.<\/p>\n","protected":false},"excerpt":{"rendered":"<p>24-nji aprelde T\u00fcrkmenistany\u0148 hem-de Katar D\u00f6wletini\u0148 Da\u015fary i\u015fler ministrliklerini\u0148 arasynda kiberhowpsuzlyk bo\u00fdun\u00e7a wideoaragatna\u015fyk arkaly du\u015fu\u015fyk ge\u00e7irildi. Du\u015fu\u015fyga gatna\u015fan h\u00fcn\u00e4rmenler iki \u00fdurdu\u0148 arasynda kiberhowpsuzlyk we sanly ulgam ugrunda ikitarapla\u00fdyn hyzmatda\u015flygy \u00fdola go\u00fdmak bo\u00fdun\u00e7a pikir aly\u015fdylar. Du\u015fu\u015fygy\u0148 bar\u015fynda katar tarapy \u00fdurtda ge\u00e7iril\u00fd\u00e4n halkara \u00e7\u00e4relere hem-de tejribe okuwlaryna t\u00fcrkmen wekillerini\u0148 gatna\u015fmagyna uly gyzyklanma bildir\u00fd\u00e4ndiklerini nygtadylar. Taraplar bu ugurda [&hellip;]<\/p>\n","protected":false},"author":2,"featured_media":133271,"comment_status":"open","ping_status":"closed","sticky":false,"template":"","format":"standard","meta":{"footnotes":""},"categories":[3],"tags":[],"acf":[],"_links":{"self":[{"href":"https:\/\/zamanturkmenistan.com.tm\/index.php?rest_route=\/wp\/v2\/posts\/133270"}],"collection":[{"href":"https:\/\/zamanturkmenistan.com.tm\/index.php?rest_route=\/wp\/v2\/posts"}],"about":[{"href":"https:\/\/zamanturkmenistan.com.tm\/index.php?rest_route=\/wp\/v2\/types\/post"}],"author":[{"embeddable":true,"href":"https:\/\/zamanturkmenistan.com.tm\/index.php?rest_route=\/wp\/v2\/users\/2"}],"replies":[{"embeddable":true,"href":"https:\/\/zamanturkmenistan.com.tm\/index.php?rest_route=%2Fwp%2Fv2%2Fcomments&post=133270"}],"version-history":[{"count":1,"href":"https:\/\/zamanturkmenistan.com.tm\/index.php?rest_route=\/wp\/v2\/posts\/133270\/revisions"}],"predecessor-version":[{"id":133272,"href":"https:\/\/zamanturkmenistan.com.tm\/index.php?rest_route=\/wp\/v2\/posts\/133270\/revisions\/133272"}],"wp:featuredmedia":[{"embeddable":true,"href":"https:\/\/zamanturkmenistan.com.tm\/index.php?rest_route=\/wp\/v2\/media\/133271"}],"wp:attachment":[{"href":"https:\/\/zamanturkmenistan.com.tm\/index.php?rest_route=%2Fwp%2Fv2%2Fmedia&parent=133270"}],"wp:term":[{"taxonomy":"category","embeddable":true,"href":"https:\/\/zamanturkmenistan.com.tm\/index.php?rest_route=%2Fwp%2Fv2%2Fcategories&post=133270"},{"taxonomy":"post_tag","embeddable":true,"href":"https:\/\/zamanturkmenistan.com.tm\/index.php?rest_route=%2Fwp%2Fv2%2Ftags&post=133270"}],"curies":[{"name":"wp","href":"https:\/\/api.w.org\/{rel}","templated":true}]}}