{"id":133937,"date":"2025-05-02T09:49:35","date_gmt":"2025-05-02T04:49:35","guid":{"rendered":"https:\/\/zamanturkmenistan.com.tm\/?p=133937"},"modified":"2025-05-02T09:49:35","modified_gmt":"2025-05-02T04:49:35","slug":"awaza-milli-syyahatcylyk-zolagynda-geciriljek-halkara-maslahata-tayyarlyk-gorulyar","status":"publish","type":"post","link":"https:\/\/zamanturkmenistan.com.tm\/?p=133937","title":{"rendered":"\u201cAwaza\u201d milli sy\u00fdahat\u00e7ylyk zolagynda ge\u00e7iriljek halkara maslahata ta\u00fd\u00fdarlyk g\u00f6r\u00fcl\u00fd\u00e4r"},"content":{"rendered":"<p>1-nji ma\u00fdda Balkan wela\u00fdatynda i\u015f saparynda bol\u00fdan hormatly Prezidentimiz Serdar Berdimuhamedow Birle\u015fen Milletler Guramasyny\u0148 de\u0148ze \u00e7ykalgasy bolmadyk \u00f6s\u00fcp bar\u00fdan d\u00f6wletler bo\u00fdun\u00e7a \u00fc\u00e7\u00fcnji maslahatyny\u0148 ge\u00e7iriljek \u00fderind\u00e4ki gurlu\u015fyk we abadanla\u015fdyry\u015f i\u015fleri bilen tany\u015fdy. Bu \u00fderde d\u00f6wlet Ba\u015ftutanymyza gurlu\u015fygy alnyp baryl\u00fdan desgalary\u0148 \u015fekil taslamalary g\u00f6rkezildi.<\/p>\n<p>Hormatly Prezidentimizi\u0148 ba\u015ftutanlygynda \u00fdurdumyz so\u0148ky \u00fdyllarda o\u0148yn halkara ba\u015flangy\u00e7lar bilen \u00e7yky\u015f edip, parahat\u00e7ylygy we durnukly \u00f6s\u00fc\u015fi goldamagy\u0148 m\u00f6h\u00fcm guraly h\u00f6km\u00fcnde Bitaraplyk \u00fd\u00f6relgelerini yzygiderli ilerled\u00fd\u00e4r. Halkara parahat\u00e7ylyk we ynany\u015fmak \u00fdylynda T\u00fcrkmenistany\u0148 Bitaraplygyny\u0148 Milletler Bilele\u015figi tarapyndan ykrar edilmegini\u0148 30 \u00fdyllygy gi\u0148den ba\u00fdram edil\u00fd\u00e4r. Munu\u0148 \u00f6zi halkymyzy\u0148 belent ynsanperwer \u00fd\u00f6relgelerine esaslan\u00fdan hemi\u015felik Bitaraplygy\u0148 parahat\u00e7ylyk, durnukly \u00f6s\u00fc\u015f \u00fdaly umumadamzat gymmatlyklaryny ilerletmek babatda BMG bilen hyzmatda\u015flygy yzygiderli berkitmegi\u0148 \u015fanly wakalaryna beslenen \u015f\u00f6hratly \u00fdoluny alamatlandyr\u00fdar. 2025-nji \u00fdyly\u0148 11-nji aprelinde BMG-ni\u0148 Ba\u015f Assamble\u00fdasyny\u0148 79-njy sessi\u00fdasyny\u0148 63-nji plenar mejlisinde \u00abBMG-ni\u0148 de\u0148ze \u00e7ykalgasy bolmadyk \u00f6s\u00fcp bar\u00fdan d\u00f6wletler bo\u00fdun\u00e7a \u00fc\u00e7\u00fcnji maslahatyny ge\u00e7irmegi\u0148 tertibine go\u015fma\u00e7a maglumat\u00bb atly Kararnamany\u0148 biragyzdan kabul edilmegi \u00fdurdumyzy\u0148 \u00f6\u0148e s\u00fcr\u00fd\u00e4n ba\u015flangy\u00e7laryny\u0148 d\u00fcn\u00fd\u00e4 bilele\u015figi tarapyndan ykrar edil\u00fd\u00e4ndigini\u0148 we olary\u0148 halkara gi\u0148i\u015flikde uly \u00e4hmi\u00fdete e\u00fdedigini\u0148 nobatdaky be\u00fdanyna \u00f6wr\u00fcldi. \u015eunu\u0148 bilen baglylykda, d\u00f6wlet Ba\u015ftutanymyz \u015fu \u00fdyly\u0148 m\u00f6h\u00fcm wakalaryny\u0148 biri boljak bu halkara maslahaty\u0148 \u00fdokary gurama\u00e7ylyk derejesinde ge\u00e7irilmegi \u00fc\u00e7in \u00e4hli zerur \u00e7\u00e4releri\u0148 g\u00f6r\u00fclmelidigini belledi we bu babatda degi\u015fli tab\u015fyryklary berdi.<br \/>\nHormatly Prezidentimiz \u00fdokary derejeli halkara maslahaty\u0148 ge\u00e7irilmegi bilen baglylykda, \u201cAwaza\u201d milli sy\u00fdahat\u00e7ylyk zolagynda ekiljek bag nahallaryny\u0148, bezeg g\u00fcllerini\u0148 g\u00f6rn\u00fc\u015fleri bilen tany\u015fdy. Hazar de\u0148zini\u0148 t\u00fcrkmen b\u00f6legini\u0148 ekologi\u00fda ta\u00fddan has arassa bolmagy bu ugurda Di\u00fdarymyzda durmu\u015fa ge\u00e7iril\u00fd\u00e4n yzygiderli i\u015fleri\u0148 o\u0148yn netijesidir. Hazary\u0148 kenarynda \u00abAwaza\u00bb milli sy\u00fdahat\u00e7ylyk zolagyny\u0148 d\u00f6redilmegi mu\u0148a a\u00fddy\u0148 \u015fa\u00fdatlyk ed\u00fd\u00e4r. Munu\u0148 \u00f6zi bu sebiti\u0148 \u015fypahana m\u00fcmkin\u00e7iliklerini pe\u00fddalanyp, ony iri halkara sy\u00fdahat\u00e7ylyk merkezine \u00f6w\u00fcrm\u00e4ge g\u00f6n\u00fckdirilendir. Hazar de\u0148zini\u0148 t\u00e4miz howaly kenarynda d\u00f6redilen zolakda ilde\u015flerimizi\u0148 we da\u015fary \u00fdurtly myhmanlary\u0148 o\u0148a\u00fdly dyn\u00e7 almagy, bu \u00fderi\u0148 \u00f6zbolu\u015fly tebigy a\u00fdratynlyklary bilen tany\u015fmagy \u00fc\u00e7in \u00e4hli m\u00fcmkin\u00e7ilikler d\u00f6redil\u00fd\u00e4r.<br \/>\nD\u00f6wlet Ba\u015ftutanymyz t\u00e4sin \u015fypahana zolagyny\u0148 halkara maslahata gatna\u015fmaga geljek k\u00f6p sanly da\u015fary \u00fdurt wekili\u00fdetlerinde \u00fdakymly t\u00e4sirleri galdyrmalydygyny nygtap, da\u015f-t\u00f6weregi\u0148 abadanla\u015fdyrylmagy, arassa\u00e7ylyk i\u015fleri, ekiljek bag nahallaryny\u0148, g\u00fclleri\u0148 bitewi sazla\u015fygyny\u0148 \u00fcpj\u00fcn edilmegi babatda birn\u00e4\u00e7e tab\u015fyryklary berdi.<\/p>\n","protected":false},"excerpt":{"rendered":"<p>1-nji ma\u00fdda Balkan wela\u00fdatynda i\u015f saparynda bol\u00fdan hormatly Prezidentimiz Serdar Berdimuhamedow Birle\u015fen Milletler Guramasyny\u0148 de\u0148ze \u00e7ykalgasy bolmadyk \u00f6s\u00fcp bar\u00fdan d\u00f6wletler bo\u00fdun\u00e7a \u00fc\u00e7\u00fcnji maslahatyny\u0148 ge\u00e7iriljek \u00fderind\u00e4ki gurlu\u015fyk we abadanla\u015fdyry\u015f i\u015fleri bilen tany\u015fdy. Bu \u00fderde d\u00f6wlet Ba\u015ftutanymyza gurlu\u015fygy alnyp baryl\u00fdan desgalary\u0148 \u015fekil taslamalary g\u00f6rkezildi. Hormatly Prezidentimizi\u0148 ba\u015ftutanlygynda \u00fdurdumyz so\u0148ky \u00fdyllarda o\u0148yn halkara ba\u015flangy\u00e7lar bilen \u00e7yky\u015f edip, parahat\u00e7ylygy [&hellip;]<\/p>\n","protected":false},"author":2,"featured_media":69485,"comment_status":"open","ping_status":"closed","sticky":false,"template":"","format":"standard","meta":{"footnotes":""},"categories":[3],"tags":[],"acf":[],"_links":{"self":[{"href":"https:\/\/zamanturkmenistan.com.tm\/index.php?rest_route=\/wp\/v2\/posts\/133937"}],"collection":[{"href":"https:\/\/zamanturkmenistan.com.tm\/index.php?rest_route=\/wp\/v2\/posts"}],"about":[{"href":"https:\/\/zamanturkmenistan.com.tm\/index.php?rest_route=\/wp\/v2\/types\/post"}],"author":[{"embeddable":true,"href":"https:\/\/zamanturkmenistan.com.tm\/index.php?rest_route=\/wp\/v2\/users\/2"}],"replies":[{"embeddable":true,"href":"https:\/\/zamanturkmenistan.com.tm\/index.php?rest_route=%2Fwp%2Fv2%2Fcomments&post=133937"}],"version-history":[{"count":1,"href":"https:\/\/zamanturkmenistan.com.tm\/index.php?rest_route=\/wp\/v2\/posts\/133937\/revisions"}],"predecessor-version":[{"id":133938,"href":"https:\/\/zamanturkmenistan.com.tm\/index.php?rest_route=\/wp\/v2\/posts\/133937\/revisions\/133938"}],"wp:featuredmedia":[{"embeddable":true,"href":"https:\/\/zamanturkmenistan.com.tm\/index.php?rest_route=\/wp\/v2\/media\/69485"}],"wp:attachment":[{"href":"https:\/\/zamanturkmenistan.com.tm\/index.php?rest_route=%2Fwp%2Fv2%2Fmedia&parent=133937"}],"wp:term":[{"taxonomy":"category","embeddable":true,"href":"https:\/\/zamanturkmenistan.com.tm\/index.php?rest_route=%2Fwp%2Fv2%2Fcategories&post=133937"},{"taxonomy":"post_tag","embeddable":true,"href":"https:\/\/zamanturkmenistan.com.tm\/index.php?rest_route=%2Fwp%2Fv2%2Ftags&post=133937"}],"curies":[{"name":"wp","href":"https:\/\/api.w.org\/{rel}","templated":true}]}}