{"id":134294,"date":"2025-05-06T09:37:57","date_gmt":"2025-05-06T04:37:57","guid":{"rendered":"https:\/\/zamanturkmenistan.com.tm\/?p=134294"},"modified":"2025-05-06T09:37:57","modified_gmt":"2025-05-06T04:37:57","slug":"turkmenistanyn-we-yewropa-bilelesiginin-howpsuzlyk-ulgamyndaky-hyzmatdaslygynyn-meseleleri-ara-alnyp-maslahatlasyldy","status":"publish","type":"post","link":"https:\/\/zamanturkmenistan.com.tm\/?p=134294","title":{"rendered":"T\u00fcrkmenistany\u0148 we \u00ddewropa Bilele\u015figini\u0148 howpsuzlyk ulgamyndaky hyzmatda\u015flygyny\u0148 meseleleri ara alnyp maslahatla\u015fyldy"},"content":{"rendered":"<p>5-nji ma\u00fdda T\u00fcrkmenistany\u0148 Da\u015fary i\u015fler ministrliginde T\u00fcrkmenistany\u0148 Da\u015fary i\u015fler ministrini\u0148 orunbasary Ahmet Gurbanowy\u0148 \u00ddewropa Bilele\u015figini\u0148 T\u00fcrkmenistandaky Il\u00e7isi Beata Peksa hem-de \u201cHeda\u00fda\u201d Zorlukly ekstremizme gar\u015fy g\u00f6re\u015f bo\u00fdun\u00e7a \u00f6\u0148debaryjy tejrib\u00e4ni\u0148 halkara merkezini\u0148 bilermenleri bilen du\u015fu\u015fygy ge\u00e7irildi.<br \/>\nDu\u015fu\u015fygy\u0148 bar\u015fynda taraplar T\u00fcrkmenistan bilen \u00ddewropa Bilele\u015figini\u0148 howpsuzlyk ulgamyndaky \u00f6zara gatna\u015fyklary bilen bagly meseleler bo\u00fdun\u00e7a pikir aly\u015fdylar. Di\u0148e bir serhet howpsuzlygyny berkitm\u00e4ge d\u00e4l-de, e\u00fdsem sebitara hyzmatda\u015flyga we umuman \u00f6s\u00fc\u015fe \u00fdardam ed\u00fd\u00e4n KADAP we BOMKA sebitle\u00fdin maksatnamalar barada hem bellenip ge\u00e7ildi.<br \/>\n\u015ee\u00fdle-de taraplar \u00ddewropa Bilele\u015figini\u0148 Stra\u00fdw Azi\u00fda (STRIVE ASIA) sebitle\u00fdin maksatnamasyny\u0148 \u00e7\u00e4klerinde ikitarapla\u00fdyn hyzmatda\u015flygy\u0148 m\u00fcmkin\u00e7iliklerini ara alyp maslahatla\u015fdylar. \u00c7\u00e4klerinde howpsuzlygy \u00fcpj\u00fcn etmek, a\u00fdratyn m\u00f6h\u00fcm desgalary goramak meselelerinde m\u00fcmkin\u00e7ilikleri \u00fdokarlandyrmak we hyzmatda\u015flyk etmek bilen bagly k\u00f6psanly \u00e7\u00e4reler ge\u00e7irilen \u201cMerkezi Azi\u00fdada hukuk gora\u00fdy\u015f i\u015fi\u201d bo\u00fdun\u00e7a LEICA taslamasyny\u0148 (2020-2024) wajyplygy barada bellenip ge\u00e7ildi.<br \/>\nDu\u015fu\u015fygy\u0148 dowamynda taraplar 2023-nji \u00fdylda L\u00fduksemburgda kabul edilen \u00ddewropa Bilele\u015figi bilen Merkezi Azi\u00fdany\u0148 arasyndaky gatna\u015fyklary \u00e7u\u0148la\u015fdyrmak bo\u00fdun\u00e7a \u00ddol kartasy, \u015fu \u00fdyly\u0148 mart a\u00fdynda A\u015fgabatda ge\u00e7irilen Merkezi Azi\u00fdany\u0148 we \u00ddewropa Bilele\u015figini\u0148 Da\u015fary i\u015fler ministrlerini\u0148 20-nji du\u015fu\u015fygynda kabul edilen Bilelikd\u00e4ki be\u00fdannama, ge\u00e7en a\u00fdda Samarkantda ge\u00e7irilen \u201cMerkezi Azi\u00fda \u2013 \u00ddewropa Bilele\u015figi\u201d g\u00f6rn\u00fc\u015find\u00e4ki birinji sammiti\u0148 netijeleri bo\u00fdun\u00e7a kabul edilen Bilelikd\u00e4ki Jarnama \u00fdaly bilelikd\u00e4ki resminamalary\u0148 wajyplygyny nygtadylar.<\/p>\n","protected":false},"excerpt":{"rendered":"<p>5-nji ma\u00fdda T\u00fcrkmenistany\u0148 Da\u015fary i\u015fler ministrliginde T\u00fcrkmenistany\u0148 Da\u015fary i\u015fler ministrini\u0148 orunbasary Ahmet Gurbanowy\u0148 \u00ddewropa Bilele\u015figini\u0148 T\u00fcrkmenistandaky Il\u00e7isi Beata Peksa hem-de \u201cHeda\u00fda\u201d Zorlukly ekstremizme gar\u015fy g\u00f6re\u015f bo\u00fdun\u00e7a \u00f6\u0148debaryjy tejrib\u00e4ni\u0148 halkara merkezini\u0148 bilermenleri bilen du\u015fu\u015fygy ge\u00e7irildi. Du\u015fu\u015fygy\u0148 bar\u015fynda taraplar T\u00fcrkmenistan bilen \u00ddewropa Bilele\u015figini\u0148 howpsuzlyk ulgamyndaky \u00f6zara gatna\u015fyklary bilen bagly meseleler bo\u00fdun\u00e7a pikir aly\u015fdylar. Di\u0148e bir serhet howpsuzlygyny [&hellip;]<\/p>\n","protected":false},"author":2,"featured_media":134289,"comment_status":"open","ping_status":"closed","sticky":false,"template":"","format":"standard","meta":{"footnotes":""},"categories":[3],"tags":[],"acf":[],"_links":{"self":[{"href":"https:\/\/zamanturkmenistan.com.tm\/index.php?rest_route=\/wp\/v2\/posts\/134294"}],"collection":[{"href":"https:\/\/zamanturkmenistan.com.tm\/index.php?rest_route=\/wp\/v2\/posts"}],"about":[{"href":"https:\/\/zamanturkmenistan.com.tm\/index.php?rest_route=\/wp\/v2\/types\/post"}],"author":[{"embeddable":true,"href":"https:\/\/zamanturkmenistan.com.tm\/index.php?rest_route=\/wp\/v2\/users\/2"}],"replies":[{"embeddable":true,"href":"https:\/\/zamanturkmenistan.com.tm\/index.php?rest_route=%2Fwp%2Fv2%2Fcomments&post=134294"}],"version-history":[{"count":1,"href":"https:\/\/zamanturkmenistan.com.tm\/index.php?rest_route=\/wp\/v2\/posts\/134294\/revisions"}],"predecessor-version":[{"id":134295,"href":"https:\/\/zamanturkmenistan.com.tm\/index.php?rest_route=\/wp\/v2\/posts\/134294\/revisions\/134295"}],"wp:featuredmedia":[{"embeddable":true,"href":"https:\/\/zamanturkmenistan.com.tm\/index.php?rest_route=\/wp\/v2\/media\/134289"}],"wp:attachment":[{"href":"https:\/\/zamanturkmenistan.com.tm\/index.php?rest_route=%2Fwp%2Fv2%2Fmedia&parent=134294"}],"wp:term":[{"taxonomy":"category","embeddable":true,"href":"https:\/\/zamanturkmenistan.com.tm\/index.php?rest_route=%2Fwp%2Fv2%2Fcategories&post=134294"},{"taxonomy":"post_tag","embeddable":true,"href":"https:\/\/zamanturkmenistan.com.tm\/index.php?rest_route=%2Fwp%2Fv2%2Ftags&post=134294"}],"curies":[{"name":"wp","href":"https:\/\/api.w.org\/{rel}","templated":true}]}}