{"id":134302,"date":"2025-05-06T09:59:09","date_gmt":"2025-05-06T04:59:09","guid":{"rendered":"https:\/\/zamanturkmenistan.com.tm\/?p=134302"},"modified":"2025-05-06T09:59:09","modified_gmt":"2025-05-06T04:59:09","slug":"bsgg-nyn-yewropa-sebiti-boyunca-edarasynda-turkmenistanyn-guni","status":"publish","type":"post","link":"https:\/\/zamanturkmenistan.com.tm\/?p=134302","title":{"rendered":"BSGG-ny\u0148 \u00ddewropa sebiti bo\u00fdun\u00e7a edarasynda T\u00fcrkmenistany\u0148 g\u00fcni"},"content":{"rendered":"<p>\u00ddakynda 2025-nji \u00fdyly\u0148 \u00abHalkara parahat\u00e7ylyk we ynany\u015fmak\u00bb \u00fdyly di\u00fdlip atlandyrylmagyny\u0148 hormatyna we bu \u00fdylda T\u00fcrkmenistany\u0148 hemi\u015felik Bitaraplygyny\u0148 yglan edilmegini\u0148 hem-de T\u00fcrkmenistany\u0148 Prezidentini\u0148 \u00abSaglyk\u00bb D\u00f6wlet maksatnamasyny\u0148 kabul edilmegini\u0148 30 \u00fdyllygy mynasybetli Dani\u00fda Paty\u015falygyny\u0148 Kopengagen \u015f\u00e4herinde B\u00fctind\u00fcn\u00fd\u00e4 Saglygy Gora\u00fdy\u015f Guramasyny\u0148 (BSGG) \u00ddewropa sebiti bo\u00fdun\u00e7a edarasynda T\u00fcrkmenistany\u0148 g\u00fcni ge\u00e7irildi.<br \/>\nT\u00fcrkmen wekillerini\u0148, BSGG-y\u0148 \u00ddewropa sebiti bo\u00fdun\u00e7a edarasyny\u0148 \u00fdolba\u015f\u00e7ysy doktor Hans Kl\u00fdugeni\u0148, BSGG-ny\u0148 b\u00f6l\u00fcm \u00fdolba\u015f\u00e7ylaryny\u0148, \u015fe\u00fdle hem sanly ulgam arkaly BSGG-na agza bolan d\u00fcrli d\u00f6wletleri\u0148 wekilhanalaryny\u0148 \u00fdolba\u015f\u00e7ylaryny\u0148 we h\u00fcn\u00e4rmenlerini\u0148 gatna\u015fmagynda bu \u00e7\u00e4re \u00fdokary gurama\u00e7ylykly derejesinde ge\u00e7irildi. Onu\u0148 a\u00e7yly\u015f dabarasyna gatna\u015fan B\u00fctind\u00fcn\u00fd\u00e4 Saglygy gora\u00fdy\u015f guramasyny\u0148 \u00ddewropa sebiti bo\u00fdun\u00e7a edarasyny\u0148 direktory doktor H.Kl\u00fduge tejribe aly\u015fmaga d\u00f6redilen \u015fular \u00fdaly m\u00fcmkin\u00e7ilikler \u00fc\u00e7in t\u00fcrkmen halkyny\u0148 Milli Lideri, T\u00fcrkmenistany\u0148 Halk Maslahatyny\u0148 Ba\u015flygy Gahryman Arkadagymyza we hormatly Prezidentimiz Arkadagly Gahryman Serdarymyza \u00f6z adyndan we guramasyny\u0148 wekillerini\u0148 adyndan t\u00fc\u00fds \u00fd\u00fcrekden ho\u015fallyk bildirdi. Ol s\u00f6z\u00fcni dowam edip, T\u00fcrkmenistanda \u00fdokan\u00e7 we \u00fdokan\u00e7 d\u00e4l kesellei\u0148 \u00f6\u0148\u00fcni almak, ilaty\u0148 saglygy ugrunda sowatlylygyny \u00fdokarlandyrmak, keselleri\u0148 \u00f6\u0148\u00fcni aly\u015f sanjymlar bilen ilaty gur\u015fap almak, adamzat saglygy we abadan\u00e7ylygy ugrunda tagallalary birle\u015fdirmek, uzak geljegi nazarla\u00fdan maksatnamala\u00fdyn i\u015fleri guramak ugrunda T\u00fcrkmenistany\u0148 jemgy\u00fdet\u00e7ilik saglygy gora\u00fdy\u015f ulgamynda toplan o\u0148yn tejribesini\u0148 halkara derejeli bolup dur\u00fdandygyny hem-de nusgawydygyny belledi.<br \/>\n\u00c7\u00e4r\u00e4ni\u0148 me\u00fdilnamasyny\u0148 \u00e7\u00e4klerinde \u00fdokan\u00e7 we \u00fdokan\u00e7 d\u00e4l keselleri\u0148 \u00f6\u0148\u00fcni almak, derman seri\u015fdelerine g\u00f6zeg\u00e7ilik etmek we olary hasaba almak i\u015fleri, keselleri\u0148 \u00f6\u0148\u00fcni aly\u015f sanjymlar bilen ilaty doly gur\u015fap almakda we ilaty\u0148 saglygy ugrunda sowatlylygyny \u00fdokarlandyrmak bo\u00fdun\u00e7a T\u00fcrkmenistanda d\u00f6wlet derejesinde alnyp baryl\u00fdan i\u015fler hem-de \u00fdetilen sepgitler ara alnyp maslahatla\u015fyldy we geljekki hyzmatda\u015flygy\u0148 ugurlary kesgitlenildi.<br \/>\nT\u00fcrkmenistany\u0148 g\u00fcn\u00fcni\u0148 \u00e7\u00e4klerinde ge\u00e7irilen du\u015fu\u015fyklarda wekil\u00e7ilikli topary\u0148 \u00fdolba\u015f\u00e7ysy bilen B\u00fctind\u00fcn\u00fd\u00e4 Saglygy gora\u00fdy\u015f guramasyny\u0148 \u00ddewropa sebiti bo\u00fdun\u00e7a edarasyny\u0148 direktory doktor Hans Kl\u00fdugeni\u0148 arasynda geljekde hyzmatda\u015flyk etmek bo\u00fdun\u00e7a meseleler ara alnyp maslahatla\u015fyldy.<br \/>\n\u015ee\u00fdle hem t\u00fcrkmen wekili\u00fdeti bilen B\u00fctind\u00fcn\u00fd\u00e4 Saglygy gora\u00fdy\u015f guramasyny\u0148 \u00ddewropa sebiti bo\u00fdun\u00e7a edarasyny\u0148 \u00fdolba\u015f\u00e7ylary we b\u00f6l\u00fcm m\u00fcdirleri bilelikde \u00abtegelek stol\u00bb g\u00f6rn\u00fc\u015find\u00e4ki maslahata gatna\u015fdylar. Onda T\u00fcrkmenistany\u0148 Prezidentini\u0148 \u00abSaglyk\u00bb D\u00f6wlet maksatnamasyny\u0148 \u00e7\u00e4klerinde 30 \u00fdyly\u0148 dowamynda \u00fdurdumyzy\u0148 saglygy gora\u00fdy\u015f ulgamyny\u0148 gazanan \u00fcst\u00fcnlikleri we \u00fdeten sepgitleri be\u00fdan edildi.<br \/>\nMaslahaty\u0148 bar\u015fynda 2025-nji \u00fdyly\u0148 10-12-nji okt\u00fdabrynda \u00abSaglygy gora\u00fdy\u015f, bilim we sport Berkarar d\u00f6wleti\u0148 t\u00e4ze e\u00fd\u00fdamyny\u0148 Galkyny\u015fy d\u00f6wr\u00fcnde\u00bb atly ge\u00e7iriljek halkara sergisini\u0148 we ylmy maslahatyny\u0148 \u00e7\u00e4klerinde B\u00fctind\u00fcn\u00fd\u00e4 Saglygy gora\u00fdy\u015f guramasyny\u0148 \u00ddewropa sebitini\u0148, bu sebiti\u0148 \u00fdurtlaryny\u0148 Saglygy gora\u00fdy\u015f ministrliklerini\u0148, Birle\u015fen Milletler Guramasyny\u0148 edaralaryny\u0148 hem-de be\u00fdleki halkara guramalary\u0148 wekillerini\u0148 gatna\u015fmagynda Halkara saglygy gora\u00fdy\u015f maslahatyny ge\u00e7irmek baradaky, bu maslahata ta\u00fd\u00fdarlyk g\u00f6rl\u00fc\u015fi hem-de onu\u0148 g\u00fcn tertibine degi\u015fli meseleler ara alnyp maslahatla\u015fyldy.<br \/>\n\u015ee\u00fdle hem bu \u00e7\u00e4rede \u00fdurdumyzy\u0148 Saglygy gora\u00fd\u015fynda we derman senagatynda 30 \u00fdyly\u0148 dowamynda \u00fdetilen \u00fcst\u00fcnliklere we sepgitlere bagy\u015flanyp guralan surat sergisi, g\u00f6rkezilen \u015fekilli g\u00f6rn\u00fc\u015fler o\u0148a gatna\u015fanlarda uly t\u00e4sirleri galdyrdy.<\/p>\n","protected":false},"excerpt":{"rendered":"<p>\u00ddakynda 2025-nji \u00fdyly\u0148 \u00abHalkara parahat\u00e7ylyk we ynany\u015fmak\u00bb \u00fdyly di\u00fdlip atlandyrylmagyny\u0148 hormatyna we bu \u00fdylda T\u00fcrkmenistany\u0148 hemi\u015felik Bitaraplygyny\u0148 yglan edilmegini\u0148 hem-de T\u00fcrkmenistany\u0148 Prezidentini\u0148 \u00abSaglyk\u00bb D\u00f6wlet maksatnamasyny\u0148 kabul edilmegini\u0148 30 \u00fdyllygy mynasybetli Dani\u00fda Paty\u015falygyny\u0148 Kopengagen \u015f\u00e4herinde B\u00fctind\u00fcn\u00fd\u00e4 Saglygy Gora\u00fdy\u015f Guramasyny\u0148 (BSGG) \u00ddewropa sebiti bo\u00fdun\u00e7a edarasynda T\u00fcrkmenistany\u0148 g\u00fcni ge\u00e7irildi. T\u00fcrkmen wekillerini\u0148, BSGG-y\u0148 \u00ddewropa sebiti bo\u00fdun\u00e7a edarasyny\u0148 \u00fdolba\u015f\u00e7ysy doktor [&hellip;]<\/p>\n","protected":false},"author":2,"featured_media":134303,"comment_status":"open","ping_status":"closed","sticky":false,"template":"","format":"standard","meta":{"footnotes":""},"categories":[3],"tags":[],"acf":[],"_links":{"self":[{"href":"https:\/\/zamanturkmenistan.com.tm\/index.php?rest_route=\/wp\/v2\/posts\/134302"}],"collection":[{"href":"https:\/\/zamanturkmenistan.com.tm\/index.php?rest_route=\/wp\/v2\/posts"}],"about":[{"href":"https:\/\/zamanturkmenistan.com.tm\/index.php?rest_route=\/wp\/v2\/types\/post"}],"author":[{"embeddable":true,"href":"https:\/\/zamanturkmenistan.com.tm\/index.php?rest_route=\/wp\/v2\/users\/2"}],"replies":[{"embeddable":true,"href":"https:\/\/zamanturkmenistan.com.tm\/index.php?rest_route=%2Fwp%2Fv2%2Fcomments&post=134302"}],"version-history":[{"count":1,"href":"https:\/\/zamanturkmenistan.com.tm\/index.php?rest_route=\/wp\/v2\/posts\/134302\/revisions"}],"predecessor-version":[{"id":134304,"href":"https:\/\/zamanturkmenistan.com.tm\/index.php?rest_route=\/wp\/v2\/posts\/134302\/revisions\/134304"}],"wp:featuredmedia":[{"embeddable":true,"href":"https:\/\/zamanturkmenistan.com.tm\/index.php?rest_route=\/wp\/v2\/media\/134303"}],"wp:attachment":[{"href":"https:\/\/zamanturkmenistan.com.tm\/index.php?rest_route=%2Fwp%2Fv2%2Fmedia&parent=134302"}],"wp:term":[{"taxonomy":"category","embeddable":true,"href":"https:\/\/zamanturkmenistan.com.tm\/index.php?rest_route=%2Fwp%2Fv2%2Fcategories&post=134302"},{"taxonomy":"post_tag","embeddable":true,"href":"https:\/\/zamanturkmenistan.com.tm\/index.php?rest_route=%2Fwp%2Fv2%2Ftags&post=134302"}],"curies":[{"name":"wp","href":"https:\/\/api.w.org\/{rel}","templated":true}]}}