{"id":134357,"date":"2025-05-06T18:49:48","date_gmt":"2025-05-06T13:49:48","guid":{"rendered":"https:\/\/zamanturkmenistan.com.tm\/?p=134357"},"modified":"2025-05-06T18:49:48","modified_gmt":"2025-05-06T13:49:48","slug":"turkmenistanyn-dim-de-bmg-nin-ilatly-nokatlar-boyunca-maksatnamasynyn-bmg-habitat-wekiliyeti-bilen-dususyk-gecirildi","status":"publish","type":"post","link":"https:\/\/zamanturkmenistan.com.tm\/?p=134357","title":{"rendered":"T\u00fcrkmenistany\u0148 DIM-de BMG-ni\u0148 Ilatly nokatlar bo\u00fdun\u00e7a maksatnamasyny\u0148 (BMG-Habitat) wekili\u00fdeti bilen du\u015fu\u015fyk ge\u00e7irildi"},"content":{"rendered":"<p>6-njy ma\u00fdda T\u00fcrkmenistany\u0148 Da\u015fary i\u015fler ministrini\u0148 orunbasary M\u00e4hri B\u00e4\u015fimowa bilen BMG-ni\u0148 Ilatly nokatlar bo\u00fdun\u00e7a maksatnamasyny\u0148 (BMG-Habitat) halkara bilermenlerinden d\u00fcz\u00fclen baha beri\u015f missi\u00fdasyny\u0148 agzalaryny\u0148 arasynda du\u015fu\u015fyk ge\u00e7irildi.<br \/>\nH\u00e4zirki wagtda hereket ed\u00fd\u00e4n T\u00fcrkmenistany\u0148 H\u00f6k\u00fcmeti bilen BMG-Habitaty\u0148 arasynda \u00f6zara d\u00fc\u015f\u00fcni\u015fmek hakynda \u00c4htnamany\u0148 \u00e7\u00e4klerinde ikitarapla\u00fdyn hyzmatda\u015flygy gi\u0148eltmek geple\u015fikleri\u0148 esasy mowzugy boldy.<br \/>\nDu\u015fu\u015fygy\u0148 bar\u015fynda so\u0148ky \u00fdyllarda T\u00fcrkmenistan bilen BMG-Habitaty\u0148 arasyndaky gatna\u015fyklary\u0148 ep-esli i\u015fje\u0148le\u015fendigi nygtaldy. Hyzmatda\u015flyk d\u00fcrli ugurlarda milli \u015f\u00e4hergurlu\u015fyk sy\u00fdasatyny\u0148 \u00f6smegine, \u015fol sanda \u015f\u00e4her we oba ilatly \u00fderlerde kadala\u015fdyrmaga, me\u00fdille\u015fdirm\u00e4ge, taslamala\u015fdyrmaga we da\u015fky gur\u015fawy goramaga itergi ber\u00fd\u00e4r.<br \/>\nTaraplar 2030-njy \u00fdyla \u00e7enli d\u00f6w\u00fcr \u00fc\u00e7in durnukly \u00f6s\u00fc\u015f ulgamynda G\u00fcn tertibini\u0148 \u00e7\u00e4klerinde \u00fdurdu\u0148 bor\u00e7namalaryna kybapda\u015f gel\u00fd\u00e4n we D\u00d6M 11-i\u0148 durmu\u015fa ge\u00e7irilmegi \u00fc\u00e7in esas bolup hyzmat ed\u00fd\u00e4n milli maksatnamalary kabul etmegi\u0148 we durmu\u015fa ge\u00e7irmegi\u0148 \u00e4hmi\u00fdetini bellediler.<br \/>\nKonstruktiw \u00fdagda\u00fdda ge\u00e7en geple\u015fikleri\u0148 ahyrynda s\u00f6hbetde\u015fler hyzmatda\u015flygy has-da pugtalandyrmaga ygrarlydyklaryny we ony t\u00e4ze mazmun bilen ba\u00fdla\u015fdyrmaga bolan me\u00fdillerini tassykladylar.<\/p>\n","protected":false},"excerpt":{"rendered":"<p>6-njy ma\u00fdda T\u00fcrkmenistany\u0148 Da\u015fary i\u015fler ministrini\u0148 orunbasary M\u00e4hri B\u00e4\u015fimowa bilen BMG-ni\u0148 Ilatly nokatlar bo\u00fdun\u00e7a maksatnamasyny\u0148 (BMG-Habitat) halkara bilermenlerinden d\u00fcz\u00fclen baha beri\u015f missi\u00fdasyny\u0148 agzalaryny\u0148 arasynda du\u015fu\u015fyk ge\u00e7irildi. H\u00e4zirki wagtda hereket ed\u00fd\u00e4n T\u00fcrkmenistany\u0148 H\u00f6k\u00fcmeti bilen BMG-Habitaty\u0148 arasynda \u00f6zara d\u00fc\u015f\u00fcni\u015fmek hakynda \u00c4htnamany\u0148 \u00e7\u00e4klerinde ikitarapla\u00fdyn hyzmatda\u015flygy gi\u0148eltmek geple\u015fikleri\u0148 esasy mowzugy boldy. Du\u015fu\u015fygy\u0148 bar\u015fynda so\u0148ky \u00fdyllarda T\u00fcrkmenistan bilen BMG-Habitaty\u0148 arasyndaky [&hellip;]<\/p>\n","protected":false},"author":2,"featured_media":134358,"comment_status":"open","ping_status":"closed","sticky":false,"template":"","format":"standard","meta":{"footnotes":""},"categories":[3],"tags":[],"acf":[],"_links":{"self":[{"href":"https:\/\/zamanturkmenistan.com.tm\/index.php?rest_route=\/wp\/v2\/posts\/134357"}],"collection":[{"href":"https:\/\/zamanturkmenistan.com.tm\/index.php?rest_route=\/wp\/v2\/posts"}],"about":[{"href":"https:\/\/zamanturkmenistan.com.tm\/index.php?rest_route=\/wp\/v2\/types\/post"}],"author":[{"embeddable":true,"href":"https:\/\/zamanturkmenistan.com.tm\/index.php?rest_route=\/wp\/v2\/users\/2"}],"replies":[{"embeddable":true,"href":"https:\/\/zamanturkmenistan.com.tm\/index.php?rest_route=%2Fwp%2Fv2%2Fcomments&post=134357"}],"version-history":[{"count":1,"href":"https:\/\/zamanturkmenistan.com.tm\/index.php?rest_route=\/wp\/v2\/posts\/134357\/revisions"}],"predecessor-version":[{"id":134359,"href":"https:\/\/zamanturkmenistan.com.tm\/index.php?rest_route=\/wp\/v2\/posts\/134357\/revisions\/134359"}],"wp:featuredmedia":[{"embeddable":true,"href":"https:\/\/zamanturkmenistan.com.tm\/index.php?rest_route=\/wp\/v2\/media\/134358"}],"wp:attachment":[{"href":"https:\/\/zamanturkmenistan.com.tm\/index.php?rest_route=%2Fwp%2Fv2%2Fmedia&parent=134357"}],"wp:term":[{"taxonomy":"category","embeddable":true,"href":"https:\/\/zamanturkmenistan.com.tm\/index.php?rest_route=%2Fwp%2Fv2%2Fcategories&post=134357"},{"taxonomy":"post_tag","embeddable":true,"href":"https:\/\/zamanturkmenistan.com.tm\/index.php?rest_route=%2Fwp%2Fv2%2Ftags&post=134357"}],"curies":[{"name":"wp","href":"https:\/\/api.w.org\/{rel}","templated":true}]}}