{"id":134539,"date":"2025-05-09T10:14:08","date_gmt":"2025-05-09T05:14:08","guid":{"rendered":"https:\/\/zamanturkmenistan.com.tm\/?p=134539"},"modified":"2025-05-09T10:14:08","modified_gmt":"2025-05-09T05:14:08","slug":"turkmenistanyn-halk-yazyjysy-kayum-tanrygulyyewin-doglan-gununin-95-yyllygyna-bagyslap-edebi-sazly-ertirlik-gecirildi","status":"publish","type":"post","link":"https:\/\/zamanturkmenistan.com.tm\/?p=134539","title":{"rendered":"T\u00fcrkmenistany\u0148 halk \u00fdazyjysy Ka\u00fdum Ta\u0148ryguly\u00fdewi\u0148 doglan g\u00fcn\u00fcni\u0148 95 \u00fdyllygyna bagy\u015flap edebi-sazly ertirlik ge\u00e7irildi"},"content":{"rendered":"<p>T\u00fcrkmenistany\u0148 Bazar Amanow adyndaky d\u00f6wlet \u00e7agalar kitaphanasy, \u00fda\u0148y- \u00fdakynda A\u015fgabat \u015f\u00e4herind\u00e4ki da\u015fary \u00fdurt dillerini \u00e7u\u0148la\u015fdyryp \u00f6wred\u00fd\u00e4n \u211674-nji orta mekdebi\u0148 okuw\u00e7ylary bilen bilelikde \u00ab\u00c7agalary\u0148 s\u00f6\u00fdg\u00fcli \u015fahyry\u00bb atly T\u00fcrkmenistany\u0148 halk \u00fdazyjysy Ka\u00fdum Ta\u0148ryguly\u00fdewi\u0148 doglan g\u00fcn\u00fcni\u0148 95 \u00fdyllygyna bagy\u015flap edebi-sazly ertirlik ge\u00e7irdi. \u00c7\u00e4r\u00e4 \u00abEdebi\u00fdat we sungat\u00bb gazetini\u0148 b\u00f6l\u00fcm m\u00fcdiri S\u00fcle\u00fdman Ilamanow hem-de \u015fahyry\u0148 ogly, \u00abDi\u00fdar\u00bb \u017eurnalyny\u0148 fotohabar\u00e7ysy Ahmet Ta\u0148ryguly\u00fdew, gyzy Ma\u00fda Ta\u0148ryguly\u00fdewa gatna\u015fdylar. Myhmanlar \u015fahyr Ka\u00fdum Ta\u0148ryguly\u00fdew hakynda gyzykly we t\u00e4sirli g\u00fcrr\u00fc\u0148ler edip berdiler. Mekdep okuw\u00e7ylary \u015fahyry\u0148 pasyllara degi\u015fli go\u015fgularyny, birn\u00e4\u00e7e matallar, \u00fda\u0148lytma\u00e7 h\u00e4si\u00fdetli go\u015fgularyny labyzly edip a\u00fddyp berdiler. H\u00fcn\u00e4rmenler \u015fahyry\u0148 kitaplaryndan sergi guradylar.<br \/>\n<strong>\u00c7e\u015fme:<\/strong> medeniyet.gov.tm<\/p>\n<p>&nbsp;<\/p>\n","protected":false},"excerpt":{"rendered":"<p>T\u00fcrkmenistany\u0148 Bazar Amanow adyndaky d\u00f6wlet \u00e7agalar kitaphanasy, \u00fda\u0148y- \u00fdakynda A\u015fgabat \u015f\u00e4herind\u00e4ki da\u015fary \u00fdurt dillerini \u00e7u\u0148la\u015fdyryp \u00f6wred\u00fd\u00e4n \u211674-nji orta mekdebi\u0148 okuw\u00e7ylary bilen bilelikde \u00ab\u00c7agalary\u0148 s\u00f6\u00fdg\u00fcli \u015fahyry\u00bb atly T\u00fcrkmenistany\u0148 halk \u00fdazyjysy Ka\u00fdum Ta\u0148ryguly\u00fdewi\u0148 doglan g\u00fcn\u00fcni\u0148 95 \u00fdyllygyna bagy\u015flap edebi-sazly ertirlik ge\u00e7irdi. \u00c7\u00e4r\u00e4 \u00abEdebi\u00fdat we sungat\u00bb gazetini\u0148 b\u00f6l\u00fcm m\u00fcdiri S\u00fcle\u00fdman Ilamanow hem-de \u015fahyry\u0148 ogly, \u00abDi\u00fdar\u00bb \u017eurnalyny\u0148 fotohabar\u00e7ysy Ahmet [&hellip;]<\/p>\n","protected":false},"author":2,"featured_media":134541,"comment_status":"open","ping_status":"closed","sticky":false,"template":"","format":"standard","meta":{"footnotes":""},"categories":[3],"tags":[],"acf":[],"_links":{"self":[{"href":"https:\/\/zamanturkmenistan.com.tm\/index.php?rest_route=\/wp\/v2\/posts\/134539"}],"collection":[{"href":"https:\/\/zamanturkmenistan.com.tm\/index.php?rest_route=\/wp\/v2\/posts"}],"about":[{"href":"https:\/\/zamanturkmenistan.com.tm\/index.php?rest_route=\/wp\/v2\/types\/post"}],"author":[{"embeddable":true,"href":"https:\/\/zamanturkmenistan.com.tm\/index.php?rest_route=\/wp\/v2\/users\/2"}],"replies":[{"embeddable":true,"href":"https:\/\/zamanturkmenistan.com.tm\/index.php?rest_route=%2Fwp%2Fv2%2Fcomments&post=134539"}],"version-history":[{"count":1,"href":"https:\/\/zamanturkmenistan.com.tm\/index.php?rest_route=\/wp\/v2\/posts\/134539\/revisions"}],"predecessor-version":[{"id":134542,"href":"https:\/\/zamanturkmenistan.com.tm\/index.php?rest_route=\/wp\/v2\/posts\/134539\/revisions\/134542"}],"wp:featuredmedia":[{"embeddable":true,"href":"https:\/\/zamanturkmenistan.com.tm\/index.php?rest_route=\/wp\/v2\/media\/134541"}],"wp:attachment":[{"href":"https:\/\/zamanturkmenistan.com.tm\/index.php?rest_route=%2Fwp%2Fv2%2Fmedia&parent=134539"}],"wp:term":[{"taxonomy":"category","embeddable":true,"href":"https:\/\/zamanturkmenistan.com.tm\/index.php?rest_route=%2Fwp%2Fv2%2Fcategories&post=134539"},{"taxonomy":"post_tag","embeddable":true,"href":"https:\/\/zamanturkmenistan.com.tm\/index.php?rest_route=%2Fwp%2Fv2%2Ftags&post=134539"}],"curies":[{"name":"wp","href":"https:\/\/api.w.org\/{rel}","templated":true}]}}