{"id":134548,"date":"2025-05-09T10:26:18","date_gmt":"2025-05-09T05:26:18","guid":{"rendered":"https:\/\/zamanturkmenistan.com.tm\/?p=134548"},"modified":"2025-05-09T10:30:05","modified_gmt":"2025-05-09T05:30:05","slug":"beyik-watancylyk-ursunda-gazanylan-yenis-guni","status":"publish","type":"post","link":"https:\/\/zamanturkmenistan.com.tm\/?p=134548","title":{"rendered":"Be\u00ad\u00fdik Wa\u00adtan\u00ad\u00e7y\u00adlyk ur\u00ad\u015fun\u00adda ga\u00adza\u00adny\u00adlan \u00dde\u0148i\u015f g\u00fcni"},"content":{"rendered":"<p>1945-nji \u00fdy\u00adly\u0148 9-njy ma\u00ad\u00fdyn\u00adda ozal\u00adky SSSR-de il\u00adkin\u00adji ge\u00adzek \u00dde\u00ad\u0148i\u015f g\u00fc\u00adni bel\u00adle\u00adnil\u00ad\u00fd\u00e4r. \u015eol g\u00fcn\u00adden b\u00e4\u00adri 1941-1945-nji \u00fdyl\u00adlar\u00ady\u0148 Be\u00ad\u00fdik Wa\u00adtan\u00ad\u00e7y\u00adlyk ur\u00ad\u015fun\u00adda ga\u00adza\u00adny\u00adlan \u00dde\u0148i\u015f g\u00fcni d\u00fcr\u00adli \u00fdurt\u00adlar\u00adda her \u00fdyl bel\u00adle\u00adnip ge\u00ad\u00e7il\u00ad\u00fd\u00e4r.<\/p>\n","protected":false},"excerpt":{"rendered":"<p>1945-nji \u00fdy\u00adly\u0148 9-njy ma\u00ad\u00fdyn\u00adda ozal\u00adky SSSR-de il\u00adkin\u00adji ge\u00adzek \u00dde\u00ad\u0148i\u015f g\u00fc\u00adni bel\u00adle\u00adnil\u00ad\u00fd\u00e4r. \u015eol g\u00fcn\u00adden b\u00e4\u00adri 1941-1945-nji \u00fdyl\u00adlar\u00ady\u0148 Be\u00ad\u00fdik Wa\u00adtan\u00ad\u00e7y\u00adlyk ur\u00ad\u015fun\u00adda ga\u00adza\u00adny\u00adlan \u00dde\u0148i\u015f g\u00fcni d\u00fcr\u00adli \u00fdurt\u00adlar\u00adda her \u00fdyl bel\u00adle\u00adnip ge\u00ad\u00e7il\u00ad\u00fd\u00e4r.<\/p>\n","protected":false},"author":2,"featured_media":134551,"comment_status":"open","ping_status":"closed","sticky":false,"template":"","format":"standard","meta":{"footnotes":""},"categories":[402],"tags":[],"acf":[],"_links":{"self":[{"href":"https:\/\/zamanturkmenistan.com.tm\/index.php?rest_route=\/wp\/v2\/posts\/134548"}],"collection":[{"href":"https:\/\/zamanturkmenistan.com.tm\/index.php?rest_route=\/wp\/v2\/posts"}],"about":[{"href":"https:\/\/zamanturkmenistan.com.tm\/index.php?rest_route=\/wp\/v2\/types\/post"}],"author":[{"embeddable":true,"href":"https:\/\/zamanturkmenistan.com.tm\/index.php?rest_route=\/wp\/v2\/users\/2"}],"replies":[{"embeddable":true,"href":"https:\/\/zamanturkmenistan.com.tm\/index.php?rest_route=%2Fwp%2Fv2%2Fcomments&post=134548"}],"version-history":[{"count":1,"href":"https:\/\/zamanturkmenistan.com.tm\/index.php?rest_route=\/wp\/v2\/posts\/134548\/revisions"}],"predecessor-version":[{"id":134552,"href":"https:\/\/zamanturkmenistan.com.tm\/index.php?rest_route=\/wp\/v2\/posts\/134548\/revisions\/134552"}],"wp:featuredmedia":[{"embeddable":true,"href":"https:\/\/zamanturkmenistan.com.tm\/index.php?rest_route=\/wp\/v2\/media\/134551"}],"wp:attachment":[{"href":"https:\/\/zamanturkmenistan.com.tm\/index.php?rest_route=%2Fwp%2Fv2%2Fmedia&parent=134548"}],"wp:term":[{"taxonomy":"category","embeddable":true,"href":"https:\/\/zamanturkmenistan.com.tm\/index.php?rest_route=%2Fwp%2Fv2%2Fcategories&post=134548"},{"taxonomy":"post_tag","embeddable":true,"href":"https:\/\/zamanturkmenistan.com.tm\/index.php?rest_route=%2Fwp%2Fv2%2Ftags&post=134548"}],"curies":[{"name":"wp","href":"https:\/\/api.w.org\/{rel}","templated":true}]}}