{"id":134553,"date":"2025-05-09T10:29:58","date_gmt":"2025-05-09T05:29:58","guid":{"rendered":"https:\/\/zamanturkmenistan.com.tm\/?p=134553"},"modified":"2025-05-09T10:29:58","modified_gmt":"2025-05-09T05:29:58","slug":"robert-frensis-prewo-taze-rim-papasy-boldy","status":"publish","type":"post","link":"https:\/\/zamanturkmenistan.com.tm\/?p=134553","title":{"rendered":"Robert Frensis Prewo t\u00e4ze Rim papasy boldy"},"content":{"rendered":"<p>8-nji ma\u00fdda Watikandaky Sikstin kapellasyny\u0148 turbasyndan ak t\u00fcsse go\u00fdberilip, t\u00e4ze Papany\u0148 sa\u00fdlanandygy habar berildi. Kardinallary\u0148 konklawy maslahaty\u0148 ikinji g\u00fcn\u00fcnde, ses beri\u015fligi\u0148 d\u00f6rd\u00fcnji tapgyrynda amerikaly kardinal Robert Frensis Prewony Rim-katolik buthanasyny\u0148 t\u00e4ze ba\u015flygy wezipesine sa\u00fdladylar. Bu barada kardinal Domenik Mamberti Keramatly P\u00fdotr soboryny\u0148 e\u00fdwanyndan m\u00e4lim etdi. Kardinal me\u015fhur latyn a\u0148latmasy bolan \u201cHabemus papam\u201d (Bizde papa bar) di\u00fden s\u00f6zlemi ulandy. T\u00e4ze Rim pontifigi \u015fol birwagtda Keramatly tagty\u0148 hem-de d\u00f6wlet-\u015f\u00e4her Watikany\u0148 \u00fdolba\u015f\u00e7ysy boldy.<br \/>\nKeramaly P\u00fdotr tagtyna ge\u00e7en ilkinji amerikaly Robert Frensis Prewo 267-nji Papa bolup, Lew XIV adyna e\u00fde boldy. Konklaw 7-nji ma\u00fdda ba\u015flanyp, 133 kardinal t\u00e4ze Papany sa\u00fdlamak maksady bilen Sikstin kapellasyna jemlendi. Ozalky Rim Papasy Fransisk 21-nji aprelde uzaga \u00e7eken keselden so\u0148ra 88 \u00fda\u015fyny\u0148 i\u00e7inde aradan \u00e7ykdy. Ol 2013-nji \u00fdylda saglygy seb\u00e4pli tagtdan \u00fd\u00fcz \u00f6wren Benedikt XVI-ny\u0148 \u00fderine ge\u00e7ipdi.<\/p>\n","protected":false},"excerpt":{"rendered":"<p>8-nji ma\u00fdda Watikandaky Sikstin kapellasyny\u0148 turbasyndan ak t\u00fcsse go\u00fdberilip, t\u00e4ze Papany\u0148 sa\u00fdlanandygy habar berildi. Kardinallary\u0148 konklawy maslahaty\u0148 ikinji g\u00fcn\u00fcnde, ses beri\u015fligi\u0148 d\u00f6rd\u00fcnji tapgyrynda amerikaly kardinal Robert Frensis Prewony Rim-katolik buthanasyny\u0148 t\u00e4ze ba\u015flygy wezipesine sa\u00fdladylar. Bu barada kardinal Domenik Mamberti Keramatly P\u00fdotr soboryny\u0148 e\u00fdwanyndan m\u00e4lim etdi. Kardinal me\u015fhur latyn a\u0148latmasy bolan \u201cHabemus papam\u201d (Bizde papa bar) [&hellip;]<\/p>\n","protected":false},"author":2,"featured_media":134554,"comment_status":"open","ping_status":"closed","sticky":false,"template":"","format":"standard","meta":{"footnotes":""},"categories":[5],"tags":[],"acf":[],"_links":{"self":[{"href":"https:\/\/zamanturkmenistan.com.tm\/index.php?rest_route=\/wp\/v2\/posts\/134553"}],"collection":[{"href":"https:\/\/zamanturkmenistan.com.tm\/index.php?rest_route=\/wp\/v2\/posts"}],"about":[{"href":"https:\/\/zamanturkmenistan.com.tm\/index.php?rest_route=\/wp\/v2\/types\/post"}],"author":[{"embeddable":true,"href":"https:\/\/zamanturkmenistan.com.tm\/index.php?rest_route=\/wp\/v2\/users\/2"}],"replies":[{"embeddable":true,"href":"https:\/\/zamanturkmenistan.com.tm\/index.php?rest_route=%2Fwp%2Fv2%2Fcomments&post=134553"}],"version-history":[{"count":1,"href":"https:\/\/zamanturkmenistan.com.tm\/index.php?rest_route=\/wp\/v2\/posts\/134553\/revisions"}],"predecessor-version":[{"id":134555,"href":"https:\/\/zamanturkmenistan.com.tm\/index.php?rest_route=\/wp\/v2\/posts\/134553\/revisions\/134555"}],"wp:featuredmedia":[{"embeddable":true,"href":"https:\/\/zamanturkmenistan.com.tm\/index.php?rest_route=\/wp\/v2\/media\/134554"}],"wp:attachment":[{"href":"https:\/\/zamanturkmenistan.com.tm\/index.php?rest_route=%2Fwp%2Fv2%2Fmedia&parent=134553"}],"wp:term":[{"taxonomy":"category","embeddable":true,"href":"https:\/\/zamanturkmenistan.com.tm\/index.php?rest_route=%2Fwp%2Fv2%2Fcategories&post=134553"},{"taxonomy":"post_tag","embeddable":true,"href":"https:\/\/zamanturkmenistan.com.tm\/index.php?rest_route=%2Fwp%2Fv2%2Ftags&post=134553"}],"curies":[{"name":"wp","href":"https:\/\/api.w.org\/{rel}","templated":true}]}}