{"id":13513,"date":"2018-04-22T16:44:37","date_gmt":"2018-04-22T11:44:37","guid":{"rendered":"http:\/\/zamanturkmenistan.com\/?p=13513"},"modified":"2018-04-22T16:44:37","modified_gmt":"2018-04-22T11:44:37","slug":"ser%c2%adhio-pi%c2%adtol","status":"publish","type":"post","link":"https:\/\/zamanturkmenistan.com.tm\/?p=13513","title":{"rendered":"Ser\u00adhio Pi\u00adtol"},"content":{"rendered":"<p>Mek\u00adsi\u00adkan \u00fda\u00adzy\u00adjy\u00adsy, ter\u00adji\u00adme\u00ad\u00e7i\u00adsi, dip\u00adlo\u00adma\u00adty Ser\u00adhio Pi\u00adtol De\u00adme\u00adne\u00adgi, 12-nji aprelde Ha\u00adla\u00adpa \u015f\u00e4\u00adhe\u00adrin\u00add\u00e4\u00adki \u00f6\u00fd\u00fcn\u00adde 85 \u00fda\u00ad\u015fy\u00adny\u0148 i\u00e7in\u00adde ara\u00addan \u00e7yk\u00addy. Ol \u201cS\u00f6\u00fd\u00adgi \u00fd\u00f6ri\u015fi\u201d we \u201cG\u00fcl o\u00fd\u00adny\u201d \u00fda\u00adly ro\u00adman\u00adla\u00adry\u0148 aw\u00adto\u00adry\u00addyr. Ser\u00adhio Pi\u00adtol 1933-nji \u00fdy\u00adly\u0148 18-nji mar\u00adtyn\u00adda mek\u00adsi\u00adkan \u015fta\u00adty Pu\u00adeb\u00adla\u00adny\u0148 Pu\u00adeb\u00adla-de-Sa\u00adra\u00adgo\u00adsa \u015f\u00e4\u00adhe\u00adrin\u00adde d\u00fcn\u00ad\u00fd\u00e4 in\u00ad\u00fd\u00e4r. B\u00e4\u015f \u00fda\u00ad\u015fyn\u00adda\u00adka ka\u00adka\u00adsy\u00adny, eje\u00adsi\u00adni we u\u00fda\u00adsy\u00adny \u00fdi\u00adtir\u00ad\u00fd\u00e4r. Ol mek\u00adsi\u00adkan Mil\u00adli aw\u00adto\u00adnom uni\u00adwer\u00adsi\u00adte\u00adti\u00adni ta\u00admam\u00adla\u00ad\u00fdar we \u015fol \u00fder\u00adde mu\u00adgal\u00adlym\u00ad\u00e7y\u00adlyk ed\u00ad\u00fd\u00e4r, so\u0148\u00adra bol\u00adsa, We\u00adrak\u00adru\u00adsa we Bris\u00adtol uni\u00adwer\u00adsi\u00adtet\u00adle\u00adrin\u00adde i\u015f\u00adle\u00ad\u00fd\u00e4r. 1960-njy \u00fdyl\u00addan ba\u015f\u00adlap, Pa\u00adri\u017e, War\u00ad\u015fa\u00adwa, Bu\u00adda\u00adpe\u015ft, Mosk\u00adwa we Pra\u00adga \u015f\u00e4\u00adher\u00adle\u00adrin\u00add\u00e4\u00adki Mek\u00adsi\u00adka\u00adny\u0148 il\u00ad\u00e7i\u00adha\u00adna\u00adla\u00adry\u00adny\u0148 me\u00adde\u00adni\u00ad\u00fdet b\u00f6\u00adl\u00fcm\u00adle\u00adrin\u00adde i\u015f\u00adle\u00fd\u00e4r. \u015ee\u00fd\u00adle hem Rim\u00adde, Pe\u00adkin\u00adde we Bar\u00adse\u00adlo\u00adna\u00adda i\u015f\u00adle\u00ad\u00fd\u00e4r. Ol 1969-njy \u00fdyl\u00addan 1972-nji \u00fdy\u00adla \u00e7en\u00adli Ka\u00adto\u00adlo\u00adni\u00ad\u00fda\u00adda \u201cSeix Bar\u00adral\u201d, \u201cTusquets\u201d, \u201cAnag\u00adra\u00adma\u201d \u00fda\u00adly d\u00fcr\u00adli ne\u00ad\u015fir\u00ad\u00fdat\u00adlar\u00adda ter\u00adji\u00adme\u00ad\u00e7ilik ed\u00fd\u00e4r. Ol \u00fd\u00fcz\u00adden gow\u00adrak da\u00ad\u015fa\u00adry \u00fdurt\u00adly aw\u00adtorlary\u0148 eser\u00adle\u00adri\u00adni is\u00adpan di\u00adli\u00adne ge\u00e7ir\u00fd\u00e4r.<br \/>\nSer\u00adhio Pi\u00adtol 1981-nji \u00fdyl\u00adda \u201cBu\u00adhar mu\u00adka\u00admy\u201d he\u00adka\u00ad\u00fda\u00adsy \u00fc\u00e7in ilkinji gezek edebi\u00fdat ba\u00fdragy &#8211; \u201cHaw\u00ad\u00fder Wil\u00ad\u00fda\u00adur\u00adru\u00adti\u00ad\u00fda\u201d ba\u00fd\u00adra\u00adgy bilen sylaglan\u00fdar. 1984-nji \u00fdyl\u00adda \u201cS\u00f6\u00fd\u00adgi \u00fd\u00f6ri\u015fi\u201d ro\u00adma\u00adny \u00fc\u00e7in o\u0148a \u201cEr\u00adral\u00adde\u201d ba\u00fd\u00adra\u00adgy gow\u015furyl\u00fdar. \u00dda\u00adzy\u00adjy 1999-njy \u00fdyl\u00adda \u201cHu\u00adan Rul\u00adfo\u201d ba\u00fd\u00adra\u00adgy bi\u00adlen sy\u00adlag\u00adlan\u00ad\u00fdar, 2005-nji \u00fdyl\u00adda ol is\u00adpan dil\u00adli ede\u00adbi\u00ad\u00fdat\u00adda has ab\u00adra\u00fd\u00adly ba\u00fd\u00adrak\u00adla\u00adry\u0148 bi\u00adri \u201cMi\u00adgel de Ser\u00adwan\u00adtes\u201d ba\u00fd\u00adra\u00adgyna mynasyp bol\u00fdar.<\/p>\n","protected":false},"excerpt":{"rendered":"<p>Mek\u00adsi\u00adkan \u00fda\u00adzy\u00adjy\u00adsy, ter\u00adji\u00adme\u00ad\u00e7i\u00adsi, dip\u00adlo\u00adma\u00adty Ser\u00adhio Pi\u00adtol De\u00adme\u00adne\u00adgi, 12-nji aprelde Ha\u00adla\u00adpa \u015f\u00e4\u00adhe\u00adrin\u00add\u00e4\u00adki \u00f6\u00fd\u00fcn\u00adde 85 \u00fda\u00ad\u015fy\u00adny\u0148 i\u00e7in\u00adde ara\u00addan \u00e7yk\u00addy. Ol \u201cS\u00f6\u00fd\u00adgi \u00fd\u00f6ri\u015fi\u201d we \u201cG\u00fcl o\u00fd\u00adny\u201d \u00fda\u00adly ro\u00adman\u00adla\u00adry\u0148 aw\u00adto\u00adry\u00addyr. Ser\u00adhio Pi\u00adtol 1933-nji \u00fdy\u00adly\u0148 18-nji mar\u00adtyn\u00adda mek\u00adsi\u00adkan \u015fta\u00adty Pu\u00adeb\u00adla\u00adny\u0148 Pu\u00adeb\u00adla-de-Sa\u00adra\u00adgo\u00adsa \u015f\u00e4\u00adhe\u00adrin\u00adde d\u00fcn\u00ad\u00fd\u00e4 in\u00ad\u00fd\u00e4r. B\u00e4\u015f \u00fda\u00ad\u015fyn\u00adda\u00adka ka\u00adka\u00adsy\u00adny, eje\u00adsi\u00adni we u\u00fda\u00adsy\u00adny \u00fdi\u00adtir\u00ad\u00fd\u00e4r. Ol mek\u00adsi\u00adkan Mil\u00adli aw\u00adto\u00adnom uni\u00adwer\u00adsi\u00adte\u00adti\u00adni ta\u00admam\u00adla\u00ad\u00fdar we \u015fol \u00fder\u00adde [&hellip;]<\/p>\n","protected":false},"author":1,"featured_media":13514,"comment_status":"open","ping_status":"closed","sticky":false,"template":"","format":"standard","meta":{"footnotes":""},"categories":[11],"tags":[],"acf":[],"_links":{"self":[{"href":"https:\/\/zamanturkmenistan.com.tm\/index.php?rest_route=\/wp\/v2\/posts\/13513"}],"collection":[{"href":"https:\/\/zamanturkmenistan.com.tm\/index.php?rest_route=\/wp\/v2\/posts"}],"about":[{"href":"https:\/\/zamanturkmenistan.com.tm\/index.php?rest_route=\/wp\/v2\/types\/post"}],"author":[{"embeddable":true,"href":"https:\/\/zamanturkmenistan.com.tm\/index.php?rest_route=\/wp\/v2\/users\/1"}],"replies":[{"embeddable":true,"href":"https:\/\/zamanturkmenistan.com.tm\/index.php?rest_route=%2Fwp%2Fv2%2Fcomments&post=13513"}],"version-history":[{"count":0,"href":"https:\/\/zamanturkmenistan.com.tm\/index.php?rest_route=\/wp\/v2\/posts\/13513\/revisions"}],"wp:featuredmedia":[{"embeddable":true,"href":"https:\/\/zamanturkmenistan.com.tm\/index.php?rest_route=\/wp\/v2\/media\/13514"}],"wp:attachment":[{"href":"https:\/\/zamanturkmenistan.com.tm\/index.php?rest_route=%2Fwp%2Fv2%2Fmedia&parent=13513"}],"wp:term":[{"taxonomy":"category","embeddable":true,"href":"https:\/\/zamanturkmenistan.com.tm\/index.php?rest_route=%2Fwp%2Fv2%2Fcategories&post=13513"},{"taxonomy":"post_tag","embeddable":true,"href":"https:\/\/zamanturkmenistan.com.tm\/index.php?rest_route=%2Fwp%2Fv2%2Ftags&post=13513"}],"curies":[{"name":"wp","href":"https:\/\/api.w.org\/{rel}","templated":true}]}}