{"id":135509,"date":"2025-05-21T10:12:11","date_gmt":"2025-05-21T05:12:11","guid":{"rendered":"https:\/\/zamanturkmenistan.com.tm\/?p=135509"},"modified":"2025-05-21T10:18:55","modified_gmt":"2025-05-21T05:18:55","slug":"%d0%b2-%d0%bc%d0%b0%d0%b7%d0%b0%d1%80%d0%b8-%d1%88%d0%b0%d1%80%d0%b8%d1%84%d0%b5-%d1%81%d0%be%d1%81%d1%82%d0%be%d1%8f%d0%bb%d0%be%d1%81%d1%8c-%d0%bc%d0%b5%d1%80%d0%be%d0%bf%d1%80%d0%b8%d1%8f%d1%82","status":"publish","type":"post","link":"https:\/\/zamanturkmenistan.com.tm\/?p=135509","title":{"rendered":"Wise-prem\u00fder B.Annam\u00e4mmedowy\u0148 \u00fdolba\u015f\u00e7ylygyndaky \u00fdurdumyzy\u0148 wekili\u00fdeti Saud Arabystany Paty\u015falygyny\u0148 Er-Ri\u00fdad \u015f\u00e4herinde gulluk i\u015f saparynda bolar"},"content":{"rendered":"<p>T\u00fcrkmenistany\u0148 Prezidenti Bu\u00fdruga gol \u00e7ekdi. Resminama la\u00fdyklykda, \u015f\u00e4her gurlu\u015fygy babatda tejribe aly\u015fmak maksady bilen, Ministrler Kabinetini\u0148 Ba\u015flygyny\u0148 orunbasary B.Annam\u00e4mmedowy\u0148 \u00fdolba\u015f\u00e7ylygyndaky wekili\u00fdet 2025-nji \u00fdyly\u0148 21 \u2014 23-nji ma\u00fdy aralygynda Saud Arabystany Paty\u015falygyny\u0148 Er-Ri\u00fdad \u015f\u00e4herinde gulluk i\u015f saparynda bolar.<\/p>\n","protected":false},"excerpt":{"rendered":"<p>T\u00fcrkmenistany\u0148 Prezidenti Bu\u00fdruga gol \u00e7ekdi. Resminama la\u00fdyklykda, \u015f\u00e4her gurlu\u015fygy babatda tejribe aly\u015fmak maksady bilen, Ministrler Kabinetini\u0148 Ba\u015flygyny\u0148 orunbasary B.Annam\u00e4mmedowy\u0148 \u00fdolba\u015f\u00e7ylygyndaky wekili\u00fdet 2025-nji \u00fdyly\u0148 21 \u2014 23-nji ma\u00fdy aralygynda Saud Arabystany Paty\u015falygyny\u0148 Er-Ri\u00fdad \u015f\u00e4herinde gulluk i\u015f saparynda bolar.<\/p>\n","protected":false},"author":2,"featured_media":107534,"comment_status":"open","ping_status":"closed","sticky":false,"template":"","format":"standard","meta":{"footnotes":""},"categories":[3],"tags":[],"acf":[],"_links":{"self":[{"href":"https:\/\/zamanturkmenistan.com.tm\/index.php?rest_route=\/wp\/v2\/posts\/135509"}],"collection":[{"href":"https:\/\/zamanturkmenistan.com.tm\/index.php?rest_route=\/wp\/v2\/posts"}],"about":[{"href":"https:\/\/zamanturkmenistan.com.tm\/index.php?rest_route=\/wp\/v2\/types\/post"}],"author":[{"embeddable":true,"href":"https:\/\/zamanturkmenistan.com.tm\/index.php?rest_route=\/wp\/v2\/users\/2"}],"replies":[{"embeddable":true,"href":"https:\/\/zamanturkmenistan.com.tm\/index.php?rest_route=%2Fwp%2Fv2%2Fcomments&post=135509"}],"version-history":[{"count":3,"href":"https:\/\/zamanturkmenistan.com.tm\/index.php?rest_route=\/wp\/v2\/posts\/135509\/revisions"}],"predecessor-version":[{"id":135517,"href":"https:\/\/zamanturkmenistan.com.tm\/index.php?rest_route=\/wp\/v2\/posts\/135509\/revisions\/135517"}],"wp:featuredmedia":[{"embeddable":true,"href":"https:\/\/zamanturkmenistan.com.tm\/index.php?rest_route=\/wp\/v2\/media\/107534"}],"wp:attachment":[{"href":"https:\/\/zamanturkmenistan.com.tm\/index.php?rest_route=%2Fwp%2Fv2%2Fmedia&parent=135509"}],"wp:term":[{"taxonomy":"category","embeddable":true,"href":"https:\/\/zamanturkmenistan.com.tm\/index.php?rest_route=%2Fwp%2Fv2%2Fcategories&post=135509"},{"taxonomy":"post_tag","embeddable":true,"href":"https:\/\/zamanturkmenistan.com.tm\/index.php?rest_route=%2Fwp%2Fv2%2Ftags&post=135509"}],"curies":[{"name":"wp","href":"https:\/\/api.w.org\/{rel}","templated":true}]}}