{"id":135609,"date":"2025-05-22T08:39:23","date_gmt":"2025-05-22T03:39:23","guid":{"rendered":"https:\/\/zamanturkmenistan.com.tm\/?p=135609"},"modified":"2025-05-22T08:39:23","modified_gmt":"2025-05-22T03:39:23","slug":"turkmenistanyn-dasary-isler-ministrinin-eyran-yslam-respublikasynyn-prezidenti-bilen-dususygy-gecirildi","status":"publish","type":"post","link":"https:\/\/zamanturkmenistan.com.tm\/?p=135609","title":{"rendered":"T\u00fcrkmenistany\u0148 Da\u015fary i\u015fler ministrini\u0148 E\u00fdran Yslam Respublikasyny\u0148 Prezidenti bilen du\u015fu\u015fygy ge\u00e7irildi"},"content":{"rendered":"<p>20-nji ma\u00fdda T\u00e4hran \u015f\u00e4herinde t\u00fcrkmen wekili\u00fdetini\u0148 E\u00fdrana i\u015f saparyny\u0148 \u00e7\u00e4klerinde T\u00fcrkmenistany\u0148 Da\u015fary i\u015fler ministri Ra\u015fid Meredowy\u0148 E\u00fdran Yslam Respublikasyny\u0148 Prezidenti Masud Peze\u015fkian bilen du\u015fu\u015fygy ge\u00e7irildi.<br \/>\nS\u00f6hbetde\u015fligi\u0148 ba\u015fynda Ministr dostlukly d\u00f6wleti\u0148 Prezidentine T\u00fcrkmenistany\u0148 Prezidenti Serdar Berdimuhamedowy\u0148 hem-de t\u00fcrkmen halkyny\u0148 Milli Lideri, T\u00fcrkmenistany\u0148 Halk Maslahatyny\u0148 Ba\u015flygy Gurbanguly Berdimuhamedowy\u0148 m\u00e4hirli salamlaryny we i\u0148 o\u0148at arzuwlaryny \u00fdetirdi.<br \/>\n\u00d6z gezeginde E\u00fdran Yslam Respublikasyny\u0148 Prezidenti Masud Peze\u015fkian T\u00fcrkmenistany\u0148 Prezidentine we Gahryman Arkadagymyza i\u0148 gowy arzuwlaryny be\u00fdan etdi.<br \/>\nDu\u015fu\u015fygy\u0148 bar\u015fynda ikitarapla\u00fdyn gatna\u015fyklary\u0148 derwa\u00fdys meseleleri, \u015fe\u00fdle hem sy\u00fdasy-diplomatik, s\u00f6wda-ykdysady, ulag, energetika, ma\u00fda go\u00fdum, medeni\u00fdet we ekologi\u00fda ugurlaryndaky hyzmatda\u015flygy has-da gi\u0148eltmegi\u0148 geljegi ara alnyp maslahatla\u015fyldy.<br \/>\nE\u00fdrany\u0148 Prezidentini\u0148 nygta\u00fd\u015fy \u00fdaly, hyzmatda\u015flygy\u0148 pugtalandyrylmagy, \u015fol sanda bilelikd\u00e4ki ma\u00fda go\u00fdum taslamalaryny\u0148 durmu\u015fa ge\u00e7irilmegi iki dostlukly halklary\u0148 b\u00e4hbitlerine la\u00fdyk gel\u00fd\u00e4r hem-de geljekde olary\u0148 abadan\u00e7ylygyny\u0148, durnuklylygyny\u0148 we howpsuzlygyny\u0148 \u00fcpj\u00fcn edilmegine \u00fdardam ber\u00fd\u00e4r.<br \/>\nTaraplar ulag we \u00fcsta\u015fyr ge\u00e7irmek ulgamynda \u00f6zara gatna\u015fyklary\u0148 \u00fdokary derejesini, \u015fe\u00fdle hem halkara we sebit ba\u015flangy\u00e7laryny\u0148 \u00e7\u00e4klerinde hyzmatda\u015flygy i\u015fje\u0148le\u015fdirmegi\u0148 m\u00f6h\u00fcmdigini bellediler. \u015eu nukda\u00fdnazardan, t\u00fcrkmen halkyny\u0148 Milli Liderini\u0148 ba\u015flangyjy bilen \u015fu \u00fdyly\u0148 dekabrynda halkara maslahaty\u0148 ge\u00e7iriljekdigi barada a\u00fddyldy.<br \/>\nS\u00f6hbetde\u015fler T\u00fcrkmenistany\u0148 we E\u00fdran Yslam Respublikasyny\u0148 halklaryny\u0148 b\u00e4hbidine strategiki hyzmatda\u015flygy has-da gi\u0148eltm\u00e4ge ta\u00fd\u00fdardyklaryny tassykladylar.<\/p>\n","protected":false},"excerpt":{"rendered":"<p>20-nji ma\u00fdda T\u00e4hran \u015f\u00e4herinde t\u00fcrkmen wekili\u00fdetini\u0148 E\u00fdrana i\u015f saparyny\u0148 \u00e7\u00e4klerinde T\u00fcrkmenistany\u0148 Da\u015fary i\u015fler ministri Ra\u015fid Meredowy\u0148 E\u00fdran Yslam Respublikasyny\u0148 Prezidenti Masud Peze\u015fkian bilen du\u015fu\u015fygy ge\u00e7irildi. S\u00f6hbetde\u015fligi\u0148 ba\u015fynda Ministr dostlukly d\u00f6wleti\u0148 Prezidentine T\u00fcrkmenistany\u0148 Prezidenti Serdar Berdimuhamedowy\u0148 hem-de t\u00fcrkmen halkyny\u0148 Milli Lideri, T\u00fcrkmenistany\u0148 Halk Maslahatyny\u0148 Ba\u015flygy Gurbanguly Berdimuhamedowy\u0148 m\u00e4hirli salamlaryny we i\u0148 o\u0148at arzuwlaryny \u00fdetirdi. \u00d6z gezeginde [&hellip;]<\/p>\n","protected":false},"author":2,"featured_media":135610,"comment_status":"open","ping_status":"closed","sticky":false,"template":"","format":"standard","meta":{"footnotes":""},"categories":[3],"tags":[],"acf":[],"_links":{"self":[{"href":"https:\/\/zamanturkmenistan.com.tm\/index.php?rest_route=\/wp\/v2\/posts\/135609"}],"collection":[{"href":"https:\/\/zamanturkmenistan.com.tm\/index.php?rest_route=\/wp\/v2\/posts"}],"about":[{"href":"https:\/\/zamanturkmenistan.com.tm\/index.php?rest_route=\/wp\/v2\/types\/post"}],"author":[{"embeddable":true,"href":"https:\/\/zamanturkmenistan.com.tm\/index.php?rest_route=\/wp\/v2\/users\/2"}],"replies":[{"embeddable":true,"href":"https:\/\/zamanturkmenistan.com.tm\/index.php?rest_route=%2Fwp%2Fv2%2Fcomments&post=135609"}],"version-history":[{"count":1,"href":"https:\/\/zamanturkmenistan.com.tm\/index.php?rest_route=\/wp\/v2\/posts\/135609\/revisions"}],"predecessor-version":[{"id":135611,"href":"https:\/\/zamanturkmenistan.com.tm\/index.php?rest_route=\/wp\/v2\/posts\/135609\/revisions\/135611"}],"wp:featuredmedia":[{"embeddable":true,"href":"https:\/\/zamanturkmenistan.com.tm\/index.php?rest_route=\/wp\/v2\/media\/135610"}],"wp:attachment":[{"href":"https:\/\/zamanturkmenistan.com.tm\/index.php?rest_route=%2Fwp%2Fv2%2Fmedia&parent=135609"}],"wp:term":[{"taxonomy":"category","embeddable":true,"href":"https:\/\/zamanturkmenistan.com.tm\/index.php?rest_route=%2Fwp%2Fv2%2Fcategories&post=135609"},{"taxonomy":"post_tag","embeddable":true,"href":"https:\/\/zamanturkmenistan.com.tm\/index.php?rest_route=%2Fwp%2Fv2%2Ftags&post=135609"}],"curies":[{"name":"wp","href":"https:\/\/api.w.org\/{rel}","templated":true}]}}