{"id":135612,"date":"2025-05-22T08:42:09","date_gmt":"2025-05-22T03:42:09","guid":{"rendered":"https:\/\/zamanturkmenistan.com.tm\/?p=135612"},"modified":"2025-05-22T08:42:09","modified_gmt":"2025-05-22T03:42:09","slug":"turkmenistan-bmg-bilen-yaslar-syyasaty-babatyndaky-hyzmatdaslygyny-isjenlesdiryar","status":"publish","type":"post","link":"https:\/\/zamanturkmenistan.com.tm\/?p=135612","title":{"rendered":"T\u00fcrkmenistan BMG bilen \u00fda\u015flar sy\u00fdasaty babatyndaky hyzmatda\u015flygyny i\u015fje\u0148le\u015fdir\u00fd\u00e4r"},"content":{"rendered":"<p>21-nji ma\u00fdda T\u00fcrkmenistany\u0148 DIM-de T\u00fcrkmenistany\u0148 Da\u015fary i\u015fler ministri Ra\u015fid Meredow bilen BMG-ni\u0148 Ba\u015f sekretaryny\u0148 \u00dda\u015flary\u0148 i\u015fleri bo\u00fdun\u00e7a k\u00f6mek\u00e7isi Felipe Paul\u00fderi\u0148 arasynda du\u015fu\u015fyk ge\u00e7irildi.<br \/>\nDu\u015fu\u015fygy\u0148 bar\u015fynda taraplar T\u00fcrkmenistan bilen BMG-ni\u0148 arasyndaky \u00fda\u015flar sy\u00fdasaty babatyndaky hyzmatda\u015flygy\u0148 esasy ugurlaryna we geljegine gi\u0148i\u015fle\u00fdin garadylar hem-de T\u00fcrkmenistany\u0148 \u00fda\u015flar diplomati\u00fdasyny\u0148 \u00f6smegine go\u015f\u00fdan go\u015fandyny bellediler.<br \/>\nT\u00fcrkmenistany\u0148 Da\u015fary sy\u00fdasat edarasyny\u0148 \u00fdolba\u015f\u00e7ysy \u00fdurdumyzy\u0148 \u00fda\u015flaryny\u0148 BMG-ni\u0148, \u00ddUNISEF-i\u0148 we \u00ddUNESKO-ny\u0148 maksatnamalary \u00fdaly halkara ba\u015flangy\u00e7laryna i\u015fje\u0148 gatna\u015f\u00fdandygyny habar berdi. \u00dda\u015flary D\u00d6M-e \u00fdetmek i\u015flerine \u00e7ekmegi\u0148 \u00e4hmi\u00fdeti barada a\u00fdtmak bilen, Ministr D\u00d6M-i\u0148 \u00fda\u015f il\u00e7ilerini\u0148 Durnukly \u00f6s\u00fc\u015f bo\u00fdun\u00e7a \u00fdokary derejeli sy\u00fdasy forum \u00fdaly \u00e4hlumumy me\u00fddan\u00e7alarda T\u00fcrkmenistana wekil\u00e7ilik etmek bilen, \u00fdurdumyzy\u0148 \u00e4hlumumy g\u00fcn tertibine \u00fdetmekd\u00e4ki go\u015fandyny g\u00f6rkez\u00fd\u00e4ndiklerini nygtady.<br \/>\nBellenili\u015fi \u00fdaly, BMG-ni\u0148 \u201c\u00dda\u015flar 2030\u201d strategi\u00fdasyny\u0148 maksatlaryndan we wezipelerinden ugur alnyp, \u201c\u00dda\u015flar barada d\u00f6wlet sy\u00fdasaty hakynda\u201d T\u00fcrkmenistany\u0148 Kanuny, \u00fda\u015flar baradaky d\u00f6wlet sy\u00fdasatyny\u0148 2021\u20132025-nji \u00fdyllar \u00fc\u00e7in D\u00f6wlet maksatnamasy, T\u00fcrkmenistany\u0148 \u00fda\u015flaryny\u0148 halkara hyzmatda\u015flygyny\u0148 2023\u20132030-njy \u00fdyllar \u00fc\u00e7in Strategi\u00fdasy tassyklanyldy.<br \/>\n\u015eunu\u0148 bilen birlikde, \u015fu \u00fdyly\u0148 ma\u00fd a\u00fdynda BMG-ni\u0148 T\u00fcrkmenistandaky hemi\u015felik utga\u015fdyryjysyny\u0148 wekilhanasy bilen bilelikde A\u015fgabatda Merkezi Azi\u00fdany\u0148 \u00fda\u015f diplomatlary we d\u00f6wlet gulluk\u00e7ylary \u00fc\u00e7in sebitle\u00fdin okuw maslahatyny\u0148 ge\u00e7irilmegi\u0148 \u00e4hmi\u00fdeti barada a\u00fddyldy.<br \/>\nTaraplar \u00fdurdumyzy\u0148 \u00fda\u015flaryny we \u00fdetginjeklerini goldamaga, sebit we halkara derejede ge\u00e7iril\u00fd\u00e4n \u00e7\u00e4relerde olary\u0148 wekil\u00e7iligini gi\u0148eltm\u00e4ge g\u00f6n\u00fckdirilen 2025\u20132027-nji \u00fdyllar \u00fc\u00e7in \u201c\u00dda\u015flar, parahat\u00e7ylyk we howpsuzlyk\u201d atly maksatnamany\u0148 taslamasyny ara alyp maslahatla\u015fdylar.<br \/>\n\u00ddurdumyzy\u0148 \u201c\u00dda\u015flar, parahat\u00e7ylyk we howpsuzlyk\u201d atly halkara g\u00fcn tertibini durmu\u015fa ge\u00e7irmek maksady bilen T\u00fcrkmenistany\u0148 ba\u015flangyjy esasynda d\u00f6redilen Merkezi Azi\u00fdany\u0148 \u00fda\u015flaryny\u0148 dialogyny\u0148 i\u015fini goldamak bo\u00fdun\u00e7a i\u015fleri dowam etdirm\u00e4ge me\u00fdillidigi nygtaldy.<br \/>\n\u00d6\u0148de boljak \u00e7\u00e4reler mowzugyna degip ge\u00e7mek bilen, taraplar 2025-nji \u00fdyly\u0148 awgustynda \u00abAwaza\u00bb milli sy\u00fdahat\u00e7ylyk zolagynda BMG-ni\u0148 De\u0148ze \u00e7ykalgasy bolmadyk \u00f6s\u00fcp bar\u00fdan \u00fdurtlar bo\u00fdun\u00e7a \u00fc\u00e7\u00fcnji maslahatyny\u0148 (LLDC 3) \u00e7\u00e4klerinde ge\u00e7iriljek \u00dda\u015flar forumy LLDC3 bilen bagly meselelere degip ge\u00e7diler.<\/p>\n","protected":false},"excerpt":{"rendered":"<p>21-nji ma\u00fdda T\u00fcrkmenistany\u0148 DIM-de T\u00fcrkmenistany\u0148 Da\u015fary i\u015fler ministri Ra\u015fid Meredow bilen BMG-ni\u0148 Ba\u015f sekretaryny\u0148 \u00dda\u015flary\u0148 i\u015fleri bo\u00fdun\u00e7a k\u00f6mek\u00e7isi Felipe Paul\u00fderi\u0148 arasynda du\u015fu\u015fyk ge\u00e7irildi. Du\u015fu\u015fygy\u0148 bar\u015fynda taraplar T\u00fcrkmenistan bilen BMG-ni\u0148 arasyndaky \u00fda\u015flar sy\u00fdasaty babatyndaky hyzmatda\u015flygy\u0148 esasy ugurlaryna we geljegine gi\u0148i\u015fle\u00fdin garadylar hem-de T\u00fcrkmenistany\u0148 \u00fda\u015flar diplomati\u00fdasyny\u0148 \u00f6smegine go\u015f\u00fdan go\u015fandyny bellediler. T\u00fcrkmenistany\u0148 Da\u015fary sy\u00fdasat edarasyny\u0148 \u00fdolba\u015f\u00e7ysy \u00fdurdumyzy\u0148 \u00fda\u015flaryny\u0148 [&hellip;]<\/p>\n","protected":false},"author":2,"featured_media":135613,"comment_status":"open","ping_status":"closed","sticky":false,"template":"","format":"standard","meta":{"footnotes":""},"categories":[3],"tags":[],"acf":[],"_links":{"self":[{"href":"https:\/\/zamanturkmenistan.com.tm\/index.php?rest_route=\/wp\/v2\/posts\/135612"}],"collection":[{"href":"https:\/\/zamanturkmenistan.com.tm\/index.php?rest_route=\/wp\/v2\/posts"}],"about":[{"href":"https:\/\/zamanturkmenistan.com.tm\/index.php?rest_route=\/wp\/v2\/types\/post"}],"author":[{"embeddable":true,"href":"https:\/\/zamanturkmenistan.com.tm\/index.php?rest_route=\/wp\/v2\/users\/2"}],"replies":[{"embeddable":true,"href":"https:\/\/zamanturkmenistan.com.tm\/index.php?rest_route=%2Fwp%2Fv2%2Fcomments&post=135612"}],"version-history":[{"count":1,"href":"https:\/\/zamanturkmenistan.com.tm\/index.php?rest_route=\/wp\/v2\/posts\/135612\/revisions"}],"predecessor-version":[{"id":135614,"href":"https:\/\/zamanturkmenistan.com.tm\/index.php?rest_route=\/wp\/v2\/posts\/135612\/revisions\/135614"}],"wp:featuredmedia":[{"embeddable":true,"href":"https:\/\/zamanturkmenistan.com.tm\/index.php?rest_route=\/wp\/v2\/media\/135613"}],"wp:attachment":[{"href":"https:\/\/zamanturkmenistan.com.tm\/index.php?rest_route=%2Fwp%2Fv2%2Fmedia&parent=135612"}],"wp:term":[{"taxonomy":"category","embeddable":true,"href":"https:\/\/zamanturkmenistan.com.tm\/index.php?rest_route=%2Fwp%2Fv2%2Fcategories&post=135612"},{"taxonomy":"post_tag","embeddable":true,"href":"https:\/\/zamanturkmenistan.com.tm\/index.php?rest_route=%2Fwp%2Fv2%2Ftags&post=135612"}],"curies":[{"name":"wp","href":"https:\/\/api.w.org\/{rel}","templated":true}]}}