{"id":135756,"date":"2025-05-23T11:45:22","date_gmt":"2025-05-23T06:45:22","guid":{"rendered":"https:\/\/zamanturkmenistan.com.tm\/?p=135756"},"modified":"2025-05-23T11:45:22","modified_gmt":"2025-05-23T06:45:22","slug":"yewro-sebitine-girer","status":"publish","type":"post","link":"https:\/\/zamanturkmenistan.com.tm\/?p=135756","title":{"rendered":"\u00ddew\u00adro se\u00adbi\u00adti\u00adne gi\u00adrer"},"content":{"rendered":"<p>\u00ddew\u00adro\u00adpa Bi\u00adle\u00adle\u00ad\u015fi\u00adgi\u00adni\u0148 ag\u00adza\u00adsy bo\u00adlan Bol\u00adga\u00adri\u00ad\u00fda gel\u00adjek \u00fdyl\u00addan ba\u015f\u00adlap \u00fdew\u00adro pul bir\u00adli\u00adgi\u00adne ge\u00ad\u00e7er. Bol\u00adga\u00adri\u00ad\u00fda\u00adny\u0148 Mer\u00adke\u00adzi ban\u00adky\u00adny\u0148 ba\u015f\u00adly\u00adgy Di\u00admi\u00adtar Ra\u00addew \u00fdur\u00addu\u0148 2026-njy \u00fdy\u00adly\u0148 1-nji \u00fdan\u00adwa\u00adryn\u00addan ba\u015f\u00adlap, mil\u00adli pul bir\u00adli\u00adgi le\u00adwa\u00addan \u00fdew\u00adro ge\u00e7\u00adm\u00e4\u00adge ta\u00fd\u00ad\u00fdar\u00addy\u00adgy\u00adny m\u00e4\u00adlim et\u00addi. Ra\u00addew \u00fdur\u00addu\u0148 \u00fdew\u00adro pul bir\u00adli\u00adgi\u00adne ge\u00e7\u00admek \u00fc\u00e7in ge\u00adrek\u00adli \u015fert\u00adle\u00adri\u0148 \u00fde\u00adri\u00adne \u00fde\u00adti\u00adri\u00adlen\u00addi\u00adgi\u00adni, 1-nji \u00fdan\u00adwar\u00addan ba\u015f\u00adlap, \u00fdew\u00adro ge\u00e7\u00adme\u00adgi mak\u00adsat edin\u00ad\u00fd\u00e4n\u00addik\u00adle\u00adri\u00adni a\u00fdt\u00addy. Ol \u00fdew\u00adro ge\u00e7\u00admek \u00fc\u00e7in i\u0148 esa\u00adsy \u015fert\u00adle\u00adri\u0148 bi\u00adri bo\u00adlan h\u00fcm\u00admet\u00adsiz\u00adlen\u00adme ba\u00adra\u00adda hem de\u00adgi\u015f\u00adli i\u015f\u00adle\u00adri\u0148 \u00fde\u00adri\u00adne \u00fde\u00adti\u00adri\u00adlen\u00addi\u00adgi\u00adni a\u00fd\u00addyp, ap\u00adre\u00adl a\u00fdyna \u00e7en\u00adli or\u00adta\u00ad\u00e7a h\u00fcm\u00admet\u00adsiz\u00adlen\u00adm\u00e4\u00adni\u0148 2,7 g\u00f6\u00adte\u00adrim de\u00adre\u00adje\u00adde ga\u00adlan\u00addy\u00adgy\u00adny bel\u00adle\u00addi.<\/p>\n<p style=\"text-align: right;\"><strong>R\u00f6w\u00ad\u015fen MO\u00adDY\u00ad\u00ddEW, <\/strong><br \/>\n<strong>TM\u00ddG-ny\u0148 A\u015fgabat \u015f\u00e4herini\u0148 Bagty\u00fdarlyk etrap Ge\u0148e\u015fini\u0148 gurama\u00e7ylyk b\u00f6l\u00fcmini\u0148 esasy h\u00fcn\u00e4rmeni.<\/strong><\/p>\n","protected":false},"excerpt":{"rendered":"<p>\u00ddew\u00adro\u00adpa Bi\u00adle\u00adle\u00ad\u015fi\u00adgi\u00adni\u0148 ag\u00adza\u00adsy bo\u00adlan Bol\u00adga\u00adri\u00ad\u00fda gel\u00adjek \u00fdyl\u00addan ba\u015f\u00adlap \u00fdew\u00adro pul bir\u00adli\u00adgi\u00adne ge\u00ad\u00e7er. Bol\u00adga\u00adri\u00ad\u00fda\u00adny\u0148 Mer\u00adke\u00adzi ban\u00adky\u00adny\u0148 ba\u015f\u00adly\u00adgy Di\u00admi\u00adtar Ra\u00addew \u00fdur\u00addu\u0148 2026-njy \u00fdy\u00adly\u0148 1-nji \u00fdan\u00adwa\u00adryn\u00addan ba\u015f\u00adlap, mil\u00adli pul bir\u00adli\u00adgi le\u00adwa\u00addan \u00fdew\u00adro ge\u00e7\u00adm\u00e4\u00adge ta\u00fd\u00ad\u00fdar\u00addy\u00adgy\u00adny m\u00e4\u00adlim et\u00addi. Ra\u00addew \u00fdur\u00addu\u0148 \u00fdew\u00adro pul bir\u00adli\u00adgi\u00adne ge\u00e7\u00admek \u00fc\u00e7in ge\u00adrek\u00adli \u015fert\u00adle\u00adri\u0148 \u00fde\u00adri\u00adne \u00fde\u00adti\u00adri\u00adlen\u00addi\u00adgi\u00adni, 1-nji \u00fdan\u00adwar\u00addan ba\u015f\u00adlap, \u00fdew\u00adro ge\u00e7\u00adme\u00adgi mak\u00adsat edin\u00ad\u00fd\u00e4n\u00addik\u00adle\u00adri\u00adni a\u00fdt\u00addy. Ol \u00fdew\u00adro ge\u00e7\u00admek [&hellip;]<\/p>\n","protected":false},"author":2,"featured_media":126236,"comment_status":"open","ping_status":"closed","sticky":false,"template":"","format":"standard","meta":{"footnotes":""},"categories":[5],"tags":[],"acf":[],"_links":{"self":[{"href":"https:\/\/zamanturkmenistan.com.tm\/index.php?rest_route=\/wp\/v2\/posts\/135756"}],"collection":[{"href":"https:\/\/zamanturkmenistan.com.tm\/index.php?rest_route=\/wp\/v2\/posts"}],"about":[{"href":"https:\/\/zamanturkmenistan.com.tm\/index.php?rest_route=\/wp\/v2\/types\/post"}],"author":[{"embeddable":true,"href":"https:\/\/zamanturkmenistan.com.tm\/index.php?rest_route=\/wp\/v2\/users\/2"}],"replies":[{"embeddable":true,"href":"https:\/\/zamanturkmenistan.com.tm\/index.php?rest_route=%2Fwp%2Fv2%2Fcomments&post=135756"}],"version-history":[{"count":1,"href":"https:\/\/zamanturkmenistan.com.tm\/index.php?rest_route=\/wp\/v2\/posts\/135756\/revisions"}],"predecessor-version":[{"id":135757,"href":"https:\/\/zamanturkmenistan.com.tm\/index.php?rest_route=\/wp\/v2\/posts\/135756\/revisions\/135757"}],"wp:featuredmedia":[{"embeddable":true,"href":"https:\/\/zamanturkmenistan.com.tm\/index.php?rest_route=\/wp\/v2\/media\/126236"}],"wp:attachment":[{"href":"https:\/\/zamanturkmenistan.com.tm\/index.php?rest_route=%2Fwp%2Fv2%2Fmedia&parent=135756"}],"wp:term":[{"taxonomy":"category","embeddable":true,"href":"https:\/\/zamanturkmenistan.com.tm\/index.php?rest_route=%2Fwp%2Fv2%2Fcategories&post=135756"},{"taxonomy":"post_tag","embeddable":true,"href":"https:\/\/zamanturkmenistan.com.tm\/index.php?rest_route=%2Fwp%2Fv2%2Ftags&post=135756"}],"curies":[{"name":"wp","href":"https:\/\/api.w.org\/{rel}","templated":true}]}}