{"id":135759,"date":"2025-05-23T12:01:49","date_gmt":"2025-05-23T07:01:49","guid":{"rendered":"https:\/\/zamanturkmenistan.com.tm\/?p=135759"},"modified":"2025-05-23T12:01:49","modified_gmt":"2025-05-23T07:01:49","slug":"turkmen-yaslary-tajigistanda-gecirilyan-halkara-foruma-gatnasyarlar","status":"publish","type":"post","link":"https:\/\/zamanturkmenistan.com.tm\/?p=135759","title":{"rendered":"T\u00fcrkmen \u00fda\u015flary T\u00e4jig\u00adistanda ge\u00e7iril\u00fd\u00e4n ha\u00adlkara foruma gatna\u015f\u00fda\u00ad\u00adrlar"},"content":{"rendered":"<p>21\u201324-\u00adnji ma\u00fd aralyg\u00adynda T\u00ad\u00e4jigistan Resp\u00adublikas\u00adyny\u0148 pa\u00fdtagty\u00ad Du\u015fenbe\u00ad \u015f\u00e4herinde \u00ad\u00adMerkezi Azi\u00fda \u00fdurtlar\u00adyny\u0148 we A\u00fdl\u00adagdaky ar\u00adap d\u00f6wletler\u00adini\u0148 Hyz\u00admatda\u015flyk Ge\u0148\u00ade\u015fine a\u00adgza \u00fdurtlary\u0148 \u00fda\u015flar \u00adforumy ge\u00e7\u00adiril\u00fd\u00e4r. F\u00adorum Merkezi Azi\u00fda \u00fdu\u00adrtlaryndan we A\u00fdl\u00adagd\u00adaky arap d\u00f6wletler\u00adin\u00adden gelen wekili\u00fdetle\u00adri, 100-den gowrak ga\u00adtna\u015fyjyny T\u00e4jigistany\u00ad\u0148 pa\u00fdtagty Du\u015fenbede \u00adjemledi. Dost-doganly\u00adk ruhunda ge\u00e7\u00fd\u00e4n bu f\u00adorum iki seb\u00aditi\u0148 \u00fdur\u00adtlaryny\u0148 arasynda \u00fdol\u00ada go\u00fdlan hyzmatda\u015flyk\u00ad gatna\u015fyklaryny has-d\u00ada pugta\u00adlandyrmaga, d\u00adurnukl\u00ady \u00f6s\u00fc\u015fe \u00fda\u015flar\u00ady\u0148 go\u015fa\u00adndyny artdyrm\u00adaga g\u00f6n\u00fc\u00adkdirilendir.\u00ad<\/p>\n<p>Halkara \u00fda\u015flar forum\u00adyna T\u00fcrkmenistany\u0148 Bilim ministrligini\u0148 wekillerinden, Telewideni\u00fde, radiogeple\u015fikler we kinematografi\u00fda baradaky d\u00f6wlet komitetini\u0148, &#8220;T\u00fcrkmenistan&#8221; gazetini\u0148 i\u015fg\u00e4rlerinden, \u00fdokary okuw mekdeplerini\u0148 mugallymlaryndan we talyplaryndan ybarat bolan \u00fdurdumyzy\u0148 we\u00adkili\u00ad\u00fdeti \u00adgatna\u015f\u00fdar.<\/p>\n<p>Forumda \u00fdurdumyza we\u00adkil\u00e7ilik ed\u00fd\u00e4n \u00fda\u015f al\u00adym\u00adlar, teleke\u00e7iler, \u00adIT \u00adulgamy bo\u00fdun\u00e7a h\u00fc\u00adn\u00e4rmenler, medeni\u00fd\u00adet\u00ad i\u015fg\u00e4rleri, t\u00fcrgenler, me\u00fdletin\u00e7iler, k\u00f6p\u00ad\u00e7\u00fclikle\u00fdin habar beri\u00ad\u015f seri\u015fdelerini\u0148 weki\u00adlleri, Durnukly \u00f6s\u00fc\u015f \u00admaksatlaryny\u0148 \u00fda\u015f il\u00e7\u00adileri bolan t\u00adalyplar\u00ad \u00e7yky\u015f edip, degi\u015fli \u00adugurlar bo\u00fdun\u00e7a halka\u00adra hyzmatda\u015f\u00adlyk baba\u00adtda pikir-gara\u00fdy\u015flary\u00adny, d\u00f6redijilikli ba\u015f\u00adlangy\u00e7laryny be\u00fdan ed\u00aderl\u00ader we \u00f6zara tejri\u00adbe aly\u015farlar.<\/p>\n<p>Forumy\u0148 g\u00fcn tertibin\u00add\u00ade innowasi\u00fdalar, \u00fda\u00ad\u015fl\u00adar teleke\u00e7iligi, e\u00adkol\u00adogi\u00fda, bilim, spo\u00adrt, \u00admedeni\u00fdet we \u00fda\u015f\u00adlar d\u00adiplomati\u00fdasy, m\u00ade\u00fdletin\u00e7ilik i\u015fi we m\u00adedia ulgamy \u00fdaly m\u00f6h\u00ad\u00ad\u00fcm ugurlara g\u00f6n\u00fckdiri\u00ad\u00adlen plenar mejlisler\u00ad,\u00ad sergiler hem-de be\u00ad\u00fdleki d\u00fcrli \u00e7\u00e4reler g\u00ade\u00e7iriler.<\/p>\n<p>Forumy\u0148 jemleri bo\u00fdu\u00adn\u00e7a \u00adDu\u015fenbe deklaras\u00adi\u00fdasy\u00adny\u0148 kabul edilm\u00adegi me\u00ad\u00fdille\u015fdiril\u00fd\u00e4r\u00ad. \u015ee\u00fdle\u00ad hem sport \u00e7\u00ad\u00e4releri, IT\u00ad-taslamal\u00adary\u0148 sergisi\u00ad we kons\u00ade\u00adrt ge\u00e7iriler.<\/p>\n<p><strong>T\u00fcrkmenistany\u0148 Bilim ministrligi<\/strong><\/p>\n","protected":false},"excerpt":{"rendered":"<p>21\u201324-\u00adnji ma\u00fd aralyg\u00adynda T\u00ad\u00e4jigistan Resp\u00adublikas\u00adyny\u0148 pa\u00fdtagty\u00ad Du\u015fenbe\u00ad \u015f\u00e4herinde \u00ad\u00adMerkezi Azi\u00fda \u00fdurtlar\u00adyny\u0148 we A\u00fdl\u00adagdaky ar\u00adap d\u00f6wletler\u00adini\u0148 Hyz\u00admatda\u015flyk Ge\u0148\u00ade\u015fine a\u00adgza \u00fdurtlary\u0148 \u00fda\u015flar \u00adforumy ge\u00e7\u00adiril\u00fd\u00e4r. F\u00adorum Merkezi Azi\u00fda \u00fdu\u00adrtlaryndan we A\u00fdl\u00adagd\u00adaky arap d\u00f6wletler\u00adin\u00adden gelen wekili\u00fdetle\u00adri, 100-den gowrak ga\u00adtna\u015fyjyny T\u00e4jigistany\u00ad\u0148 pa\u00fdtagty Du\u015fenbede \u00adjemledi. Dost-doganly\u00adk ruhunda ge\u00e7\u00fd\u00e4n bu f\u00adorum iki seb\u00aditi\u0148 \u00fdur\u00adtlaryny\u0148 arasynda \u00fdol\u00ada go\u00fdlan hyzmatda\u015flyk\u00ad gatna\u015fyklaryny has-d\u00ada pugta\u00adlandyrmaga, d\u00adurnukl\u00ady [&hellip;]<\/p>\n","protected":false},"author":2,"featured_media":135762,"comment_status":"open","ping_status":"closed","sticky":false,"template":"","format":"standard","meta":{"footnotes":""},"categories":[3],"tags":[],"acf":[],"_links":{"self":[{"href":"https:\/\/zamanturkmenistan.com.tm\/index.php?rest_route=\/wp\/v2\/posts\/135759"}],"collection":[{"href":"https:\/\/zamanturkmenistan.com.tm\/index.php?rest_route=\/wp\/v2\/posts"}],"about":[{"href":"https:\/\/zamanturkmenistan.com.tm\/index.php?rest_route=\/wp\/v2\/types\/post"}],"author":[{"embeddable":true,"href":"https:\/\/zamanturkmenistan.com.tm\/index.php?rest_route=\/wp\/v2\/users\/2"}],"replies":[{"embeddable":true,"href":"https:\/\/zamanturkmenistan.com.tm\/index.php?rest_route=%2Fwp%2Fv2%2Fcomments&post=135759"}],"version-history":[{"count":1,"href":"https:\/\/zamanturkmenistan.com.tm\/index.php?rest_route=\/wp\/v2\/posts\/135759\/revisions"}],"predecessor-version":[{"id":135763,"href":"https:\/\/zamanturkmenistan.com.tm\/index.php?rest_route=\/wp\/v2\/posts\/135759\/revisions\/135763"}],"wp:featuredmedia":[{"embeddable":true,"href":"https:\/\/zamanturkmenistan.com.tm\/index.php?rest_route=\/wp\/v2\/media\/135762"}],"wp:attachment":[{"href":"https:\/\/zamanturkmenistan.com.tm\/index.php?rest_route=%2Fwp%2Fv2%2Fmedia&parent=135759"}],"wp:term":[{"taxonomy":"category","embeddable":true,"href":"https:\/\/zamanturkmenistan.com.tm\/index.php?rest_route=%2Fwp%2Fv2%2Fcategories&post=135759"},{"taxonomy":"post_tag","embeddable":true,"href":"https:\/\/zamanturkmenistan.com.tm\/index.php?rest_route=%2Fwp%2Fv2%2Ftags&post=135759"}],"curies":[{"name":"wp","href":"https:\/\/api.w.org\/{rel}","templated":true}]}}