{"id":135760,"date":"2025-05-23T12:04:04","date_gmt":"2025-05-23T07:04:04","guid":{"rendered":"https:\/\/zamanturkmenistan.com.tm\/?p=135760"},"modified":"2025-05-23T12:04:04","modified_gmt":"2025-05-23T07:04:04","slug":"turkmenistanyn-mejlisinin-baslygynyn-hhr-nin-halk-wekillerinin-ahlihytay-yygnagynyn-hemiselik-komitetinin-baslygy-bilen-dususygy","status":"publish","type":"post","link":"https:\/\/zamanturkmenistan.com.tm\/?p=135760","title":{"rendered":"T\u00fcrkmenistany\u0148 Mejlisini\u0148 Ba\u015flygyny\u0148 HHR-ni\u0148 Halk wekillerini\u0148 \u00c4hlihyta\u00fd \u00fdygnagyny\u0148 hemi\u015felik komitetini\u0148 Ba\u015flygy bilen du\u015fu\u015fygy"},"content":{"rendered":"<p>T\u00fcrkmenistany\u0148 Mejlisini\u0148 Ba\u015flygyny\u0148 \u00fdolba\u015f\u00e7ylygyndaky wekili\u00fdeti\u0148 Hyta\u00fd Halk Respublikasyna i\u015f saparyny\u0148 \u00e7\u00e4klerinde Hyta\u00fd Halk Respublikasyny\u0148 Halk wekillerini\u0148 \u00c4hlihyta\u00fd \u00fdygnagyny\u0148 hemi\u015felik komitetini\u0148 Ba\u015flygy \u00c7ao Letzi bilen gi\u0148i\u015fle\u00fdin d\u00fcz\u00fcmd\u00e4ki du\u015fu\u015fygy ge\u00e7irildi.<\/p>\n<p>Du\u015fu\u015fygy\u0148 bar\u015fynda T\u00fcrkmenistany\u0148 ba\u015flangyjy bilen, Birle\u015fen Milletler Guramasyny\u0148 Ba\u015f Assamble\u00fdasyny\u0148 \u00ab2025-nji \u00fdyl \u2013 Halkara parahat\u00e7ylyk we ynany\u015fmak \u00fdyly\u00bb hem-de \u00abT\u00fcrkmenistany\u0148 hemi\u015felik Bitaraplygy\u00bb atly Kararnamalaryny\u0148 kabul edilmegini\u0148 \u00e4hmi\u00fdeti nygtaldy hem-de T\u00fcrkmenistany\u0148 bu ba\u015flangyjyny Hyta\u00fd Halk Respublikasyny\u0148 goldandygy \u00fc\u00e7in t\u00fcrkmen tarapy ho\u015fallyk s\u00f6zlerini a\u00fdtdy.<br \/>\nBirle\u015fen Milletler Guramasyny\u0148 me\u00fddan\u00e7asynda T\u00fcrkmenistany\u0148 we Hyta\u00fd Halk Respublikasyny\u0148 birek-biregi\u0148 \u00f6\u0148e s\u00fcr\u00fd\u00e4n ba\u015flangy\u00e7laryny golda\u00fdandyklary we \u00fdokary derejed\u00e4ki \u00fdola go\u00fdlan dostlukly gatna\u015fyklary\u0148 \u00e4hmi\u00fdeti a\u00fdratyn nygtalyp ge\u00e7ildi.<br \/>\n\u015eunu\u0148 bilen baglylykda, T\u00fcrkmenistany\u0148 Hormatly Prezidentini\u0148 Hyta\u00fd Halk Respublikasyna saparyny\u0148 dowamynda iki \u00fdurdu\u0148 Ba\u015ftutanlaryny\u0148 du\u015fu\u015fygynda d\u00fcrli ugurlarda gazanylan ikitarapla\u00fdyn ylala\u015fyklary\u0148 netijelerine a\u00fdratyn \u00e4hmi\u00fdet berildi. \u015eunda \u00abMerkezi Azi\u00fda \u2013 Hyta\u00fd\u00bb formatynda parlamentler derejesinde hyzmatda\u015flyk etmegi\u0148, \u015fe\u00fdle hem geljekde \u00abMerkezi Azi\u00fda \u2013 Hyta\u00fd\u00bb parlamentara ge\u0148e\u015fini d\u00f6retmegi\u0148 hem-de \u00abT\u00fcrkmenistan \u2013 Hyta\u00fd: zenanlar we \u00fda\u015flar\u00bb bilelikd\u00e4ki forumyny ge\u00e7irmegi\u0148 meselelerine seredildi.<br \/>\nS\u00f6hbetde\u015fligi\u0148 dowamynda iki \u00fdurdu\u0148 arasyndaky parlamentara hyzmatda\u015flygy\u0148 \u00f6sd\u00fcrilmegine \u00fdardam berjek Parlamentara dostluk toparlaryny\u0148 i\u015fini\u0148 k\u00e4mille\u015fdirilmegini\u0148, ugurda\u015f komitetleri\u0148, \u00fda\u015f we zenan parlamentarileri\u0148 arasyndaky gatna\u015fyklary\u0148 i\u015fje\u0148le\u015fdirilmegini\u0148 hem-de parlamentler derejesinde du\u015fu\u015fyklary\u0148 we maslahatlary\u0148 ge\u00e7irilmegine g\u00f6n\u00fckdirilen bilelikd\u00e4ki \u00e7\u00e4releri\u0148 \u00e4hmi\u00fdeti bellenilip ge\u00e7ildi.<br \/>\nDu\u015fu\u015fykda hyta\u00fd tarapy T\u00fcrkmenistany\u0148 we Hyta\u00fd Halk Respublikasyny\u0148 arasynda ylym-bilim, saglygy gora\u00fdy\u015f, oba hojalygy \u00fdaly ugurlarda hyzmatda\u015flygy\u0148 gerimini has-da gi\u0148eltm\u00e4ge ta\u00fd\u00fdardygyny a\u00fdtdy.<br \/>\nD.Gulmanowa sapary\u0148 \u00e7\u00e4klerind\u00e4ki du\u015fu\u015fyklary\u0148 we geple\u015fikleri\u0148 ikitarapla\u00fdyn parlamentara gatna\u015fyklary\u0148 mundan be\u00fdl\u00e4k-de pugtalandyrylmagyna \u00fdardam berjekdigine ynam bildirdi. \u015ee\u00fdle hem T\u00fcrkmenistany\u0148 Hyta\u00fd Halk Respublikasy bilen parlamentara gatna\u015fyklaryna \u00fdokary baha ber\u00fd\u00e4ndigini we ony \u00e4hli ugurlar bo\u00fdun\u00e7a mundan be\u00fdl\u00e4k-de \u00f6sd\u00fcrm\u00e4ge ta\u00fd\u00fdardygyny be\u00fdan etdi.<br \/>\nT\u00fcrkmenistany\u0148 Mejlisini\u0148 Ba\u015flygy Hyta\u00fd Halk Respublikasyny\u0148 Halk wekillerini\u0148 \u00c4hlihyta\u00fd \u00fdygnagyny\u0148 hemi\u015felik komitetini\u0148 Ba\u015flygy \u00c7ao Letzini\u0148 2025-nji- Halkara parahat\u00e7ylyk we ynany\u015fmak \u00fdylynda bellenil\u00fd\u00e4n T\u00fcrkmenistany\u0148 hemi\u015felik Bitaraplygyny\u0148 30 \u00fdyllygy mynasybetli \u00fdurdumyzda ge\u00e7iriljek halkara \u00e7\u00e4relere gatna\u015fmagyna umyt bildir\u00fd\u00e4ndigini bell\u00e4p ge\u00e7di.<\/p>\n","protected":false},"excerpt":{"rendered":"<p>T\u00fcrkmenistany\u0148 Mejlisini\u0148 Ba\u015flygyny\u0148 \u00fdolba\u015f\u00e7ylygyndaky wekili\u00fdeti\u0148 Hyta\u00fd Halk Respublikasyna i\u015f saparyny\u0148 \u00e7\u00e4klerinde Hyta\u00fd Halk Respublikasyny\u0148 Halk wekillerini\u0148 \u00c4hlihyta\u00fd \u00fdygnagyny\u0148 hemi\u015felik komitetini\u0148 Ba\u015flygy \u00c7ao Letzi bilen gi\u0148i\u015fle\u00fdin d\u00fcz\u00fcmd\u00e4ki du\u015fu\u015fygy ge\u00e7irildi. Du\u015fu\u015fygy\u0148 bar\u015fynda T\u00fcrkmenistany\u0148 ba\u015flangyjy bilen, Birle\u015fen Milletler Guramasyny\u0148 Ba\u015f Assamble\u00fdasyny\u0148 \u00ab2025-nji \u00fdyl \u2013 Halkara parahat\u00e7ylyk we ynany\u015fmak \u00fdyly\u00bb hem-de \u00abT\u00fcrkmenistany\u0148 hemi\u015felik Bitaraplygy\u00bb atly Kararnamalaryny\u0148 kabul edilmegini\u0148 \u00e4hmi\u00fdeti [&hellip;]<\/p>\n","protected":false},"author":2,"featured_media":135764,"comment_status":"open","ping_status":"closed","sticky":false,"template":"","format":"standard","meta":{"footnotes":""},"categories":[3],"tags":[],"acf":[],"_links":{"self":[{"href":"https:\/\/zamanturkmenistan.com.tm\/index.php?rest_route=\/wp\/v2\/posts\/135760"}],"collection":[{"href":"https:\/\/zamanturkmenistan.com.tm\/index.php?rest_route=\/wp\/v2\/posts"}],"about":[{"href":"https:\/\/zamanturkmenistan.com.tm\/index.php?rest_route=\/wp\/v2\/types\/post"}],"author":[{"embeddable":true,"href":"https:\/\/zamanturkmenistan.com.tm\/index.php?rest_route=\/wp\/v2\/users\/2"}],"replies":[{"embeddable":true,"href":"https:\/\/zamanturkmenistan.com.tm\/index.php?rest_route=%2Fwp%2Fv2%2Fcomments&post=135760"}],"version-history":[{"count":1,"href":"https:\/\/zamanturkmenistan.com.tm\/index.php?rest_route=\/wp\/v2\/posts\/135760\/revisions"}],"predecessor-version":[{"id":135766,"href":"https:\/\/zamanturkmenistan.com.tm\/index.php?rest_route=\/wp\/v2\/posts\/135760\/revisions\/135766"}],"wp:featuredmedia":[{"embeddable":true,"href":"https:\/\/zamanturkmenistan.com.tm\/index.php?rest_route=\/wp\/v2\/media\/135764"}],"wp:attachment":[{"href":"https:\/\/zamanturkmenistan.com.tm\/index.php?rest_route=%2Fwp%2Fv2%2Fmedia&parent=135760"}],"wp:term":[{"taxonomy":"category","embeddable":true,"href":"https:\/\/zamanturkmenistan.com.tm\/index.php?rest_route=%2Fwp%2Fv2%2Fcategories&post=135760"},{"taxonomy":"post_tag","embeddable":true,"href":"https:\/\/zamanturkmenistan.com.tm\/index.php?rest_route=%2Fwp%2Fv2%2Ftags&post=135760"}],"curies":[{"name":"wp","href":"https:\/\/api.w.org\/{rel}","templated":true}]}}