{"id":13615,"date":"2018-05-01T07:43:47","date_gmt":"2018-05-01T02:43:47","guid":{"rendered":"http:\/\/zamanturkmenistan.com\/?p=13615"},"modified":"2018-05-01T07:43:47","modified_gmt":"2018-05-01T02:43:47","slug":"ta%c2%adze-pre%c2%adzi%c2%addent-say%c2%adlan%c2%addy-2","status":"publish","type":"post","link":"https:\/\/zamanturkmenistan.com.tm\/?p=13615","title":{"rendered":"T\u00e4\u00adze Pre\u00adzi\u00addent sa\u00fd\u00adlan\u00addy"},"content":{"rendered":"<p>22-nji ap\u00adrel\u00adde Pa\u00adrag\u00adwa\u00fd\u00adda ge\u00ad\u00e7i\u00adri\u00adlen sa\u00fd\u00adlaw\u00adda do\u00adlan\u00addy\u00adry\u00adjy \u201cKo\u00adlo\u00adra\u00addo\u201d kon\u00adser\u00adwa\u00adtiw par\u00adti\u00ad\u00fda\u00adsy\u00adny\u0148 da\u00adla\u015f\u00adg\u00e4\u00adri Ma\u00adrio Ab\u00addo Be\u00adni\u00adtes 46,6 g\u00f6\u00adte\u00adrim ses alyp, d\u00f6w\u00adlet \u00fdol\u00adba\u015f\u00ad\u00e7y\u00adsy we\u00adzi\u00adpe\u00adsi\u00adne sa\u00fd\u00adlan\u00addy. Onu\u0148 b\u00e4s\u00adde\u00ad\u015fi \u201cGa\u00adnar\u201d bi\u00adle\u00adle\u00ad\u015fi\u00adgin\u00adden \u00ddef\u00adra\u00adim Aleg\u00adre ses\u00adle\u00adri\u0148 42,7 g\u00f6\u00adte\u00adri\u00admi\u00adne e\u00fde bol\u00addy.<br \/>\nAb\u00addo mun\u00addan ozal, Pa\u00adrag\u00adwa\u00ad\u00fdy\u0148 Se\u00adna\u00adty\u00adny\u0148 ba\u015f\u00adly\u00adgy\u00addy. Ol \u00fdur\u00addy 1954-1989-njy \u00fdyl\u00adlar\u00adda do\u00adlan\u00addy\u00adran Alf\u00adre\u00addo Stess\u00adne\u00adri\u0148 og\u00adlu\u00addyr. T\u00e4\u00adze Pre\u00adzi\u00addent \u015fu \u00fdy\u00adly\u0148 15-nji aw\u00adgus\u00adtyn\u00adda \u00f6z we\u00adzi\u00adpe\u00adsi\u00adne gi\u00adri\u00ad\u015fer. \u015ee\u00fd\u00adle\u00adlik\u00adde, pa\u00adrag\u00adwa\u00fd\u00adly\u00adlar \u00fdo\u00adka\u00adry d\u00f6w\u00adlet we\u00adzi\u00adpe\u00adsi\u00adne 10 da\u00adla\u015f\u00adg\u00e4r\u00adden bi\u00adri\u00adni sa\u00fd\u00adla\u00addy\u00adlar. \u00ddurt\u00adda 4,3 mil\u00adli\u00adon\u00addan gow\u00adrak adam ses ber\u00admek hu\u00adku\u00adgy\u00adna e\u00fde\u00addir. Ka\u00adnun bo\u00ad\u00fdun\u00ad\u00e7a sa\u00fd\u00adlaw\u00adla\u00adry\u0148 ikin\u00adji tap\u00adgy\u00adry\u00adny ge\u00ad\u00e7ir\u00admek g\u00f6z \u00f6\u0148\u00fcn\u00adde tu\u00adtul\u00adma\u00ad\u00fdar.<\/p>\n","protected":false},"excerpt":{"rendered":"<p>22-nji ap\u00adrel\u00adde Pa\u00adrag\u00adwa\u00fd\u00adda ge\u00ad\u00e7i\u00adri\u00adlen sa\u00fd\u00adlaw\u00adda do\u00adlan\u00addy\u00adry\u00adjy \u201cKo\u00adlo\u00adra\u00addo\u201d kon\u00adser\u00adwa\u00adtiw par\u00adti\u00ad\u00fda\u00adsy\u00adny\u0148 da\u00adla\u015f\u00adg\u00e4\u00adri Ma\u00adrio Ab\u00addo Be\u00adni\u00adtes 46,6 g\u00f6\u00adte\u00adrim ses alyp, d\u00f6w\u00adlet \u00fdol\u00adba\u015f\u00ad\u00e7y\u00adsy we\u00adzi\u00adpe\u00adsi\u00adne sa\u00fd\u00adlan\u00addy. Onu\u0148 b\u00e4s\u00adde\u00ad\u015fi \u201cGa\u00adnar\u201d bi\u00adle\u00adle\u00ad\u015fi\u00adgin\u00adden \u00ddef\u00adra\u00adim Aleg\u00adre ses\u00adle\u00adri\u0148 42,7 g\u00f6\u00adte\u00adri\u00admi\u00adne e\u00fde bol\u00addy. Ab\u00addo mun\u00addan ozal, Pa\u00adrag\u00adwa\u00ad\u00fdy\u0148 Se\u00adna\u00adty\u00adny\u0148 ba\u015f\u00adly\u00adgy\u00addy. Ol \u00fdur\u00addy 1954-1989-njy \u00fdyl\u00adlar\u00adda do\u00adlan\u00addy\u00adran Alf\u00adre\u00addo Stess\u00adne\u00adri\u0148 og\u00adlu\u00addyr. T\u00e4\u00adze Pre\u00adzi\u00addent \u015fu \u00fdy\u00adly\u0148 15-nji aw\u00adgus\u00adtyn\u00adda \u00f6z we\u00adzi\u00adpe\u00adsi\u00adne gi\u00adri\u00ad\u015fer. [&hellip;]<\/p>\n","protected":false},"author":1,"featured_media":13616,"comment_status":"open","ping_status":"closed","sticky":false,"template":"","format":"standard","meta":{"footnotes":""},"categories":[5],"tags":[],"acf":[],"_links":{"self":[{"href":"https:\/\/zamanturkmenistan.com.tm\/index.php?rest_route=\/wp\/v2\/posts\/13615"}],"collection":[{"href":"https:\/\/zamanturkmenistan.com.tm\/index.php?rest_route=\/wp\/v2\/posts"}],"about":[{"href":"https:\/\/zamanturkmenistan.com.tm\/index.php?rest_route=\/wp\/v2\/types\/post"}],"author":[{"embeddable":true,"href":"https:\/\/zamanturkmenistan.com.tm\/index.php?rest_route=\/wp\/v2\/users\/1"}],"replies":[{"embeddable":true,"href":"https:\/\/zamanturkmenistan.com.tm\/index.php?rest_route=%2Fwp%2Fv2%2Fcomments&post=13615"}],"version-history":[{"count":0,"href":"https:\/\/zamanturkmenistan.com.tm\/index.php?rest_route=\/wp\/v2\/posts\/13615\/revisions"}],"wp:featuredmedia":[{"embeddable":true,"href":"https:\/\/zamanturkmenistan.com.tm\/index.php?rest_route=\/wp\/v2\/media\/13616"}],"wp:attachment":[{"href":"https:\/\/zamanturkmenistan.com.tm\/index.php?rest_route=%2Fwp%2Fv2%2Fmedia&parent=13615"}],"wp:term":[{"taxonomy":"category","embeddable":true,"href":"https:\/\/zamanturkmenistan.com.tm\/index.php?rest_route=%2Fwp%2Fv2%2Fcategories&post=13615"},{"taxonomy":"post_tag","embeddable":true,"href":"https:\/\/zamanturkmenistan.com.tm\/index.php?rest_route=%2Fwp%2Fv2%2Ftags&post=13615"}],"curies":[{"name":"wp","href":"https:\/\/api.w.org\/{rel}","templated":true}]}}