{"id":136265,"date":"2025-05-28T09:51:32","date_gmt":"2025-05-28T04:51:32","guid":{"rendered":"https:\/\/zamanturkmenistan.com.tm\/?p=136265"},"modified":"2025-05-28T09:51:32","modified_gmt":"2025-05-28T04:51:32","slug":"yas-harby-gullukcylara-guwanamalary-gowsurmak-we-ilkinji-harby-atlary-dakmak-dabarasy-gecirildi","status":"publish","type":"post","link":"https:\/\/zamanturkmenistan.com.tm\/?p=136265","title":{"rendered":"\u00dda\u015f harby gulluk\u00e7ylara g\u00fcw\u00e4namalary gow\u015furmak we ilkinji harby atlary dakmak dabarasy ge\u00e7irildi"},"content":{"rendered":"<p>24-nji ma\u00fdda Arkadag \u015f\u00e4herini\u0148 g\u00fcmr\u00fckhanasynda \u00fda\u015f harby gulluk\u00e7ylara degi\u015fli G\u00fcw\u00e4namalary gow\u015furmak we ilkinji harby atlaryny dakmak dabarasy ge\u00e7irildi.<br \/>\nT\u00fcrkmenistany\u0148 Prezidentini\u0148 2021-nji \u00fdyly\u0148 6-njy aprelind\u00e4ki 2212-nji belgili karary bilen tassyklanan \u00abT\u00fcrkmenistany\u0148 D\u00f6wlet g\u00fcmr\u00fck gullugy hakynda\u00bb D\u00fczg\u00fcnnama la\u00fdyklykda, \u015fu \u00fdyly\u0148 24-nji martyndan 24-nji ma\u00fdy aralygynda Arkadag \u015f\u00e4herini\u0148 g\u00fcmr\u00fckhanasynda Gullugy\u0148 d\u00fcz\u00fcmind\u00e4ki \u00fda\u015f harby gulluk\u00e7ylara h\u00fcn\u00e4r ta\u00fd\u00fdarlygy we harby t\u00e4lim bo\u00fdun\u00e7a \u00fd\u00f6ritele\u015fdirilen okuw sapaklary \u00fcst\u00fcnlikli ge\u00e7irildi.<br \/>\nOkuwlary\u0148 dowamynda \u00fda\u015f harby gulluk\u00e7ylar g\u00fcmr\u00fck i\u015fini\u0148 d\u00fcrli ugurlary, \u015fol sanda barlag-rentgen enjamlaryny\u0148 ulanyly\u015fy bilen \u00fdakyndan tany\u015fdylar. Okuwlary\u0148 nazary\u00fdet bilen bagly b\u00f6legi tejribelik bilen utga\u015fdyrylyp, olar Halkara g\u00fcmr\u00fck terminalynda amaly ba\u015farnyklaryny k\u00e4mille\u015fdirdiler.<br \/>\nDabarany\u0148 dowamynda \u00fda\u015f harby gulluk\u00e7ylar wepadarlyk kasamyny \u00fderine \u00fdetirip, eziz Watanymyza, Milli Liderimiz Gahryman Arkadagymyza hem-de Hormatly Belent Serkerdeba\u015fymyza \u00e7\u00e4ksiz wepaly gulluk etjekdiklerine kasam etdiler.<\/p>\n<p><strong>\u00c7e\u015fme:<\/strong> customs.gov.tm<\/p>\n","protected":false},"excerpt":{"rendered":"<p>24-nji ma\u00fdda Arkadag \u015f\u00e4herini\u0148 g\u00fcmr\u00fckhanasynda \u00fda\u015f harby gulluk\u00e7ylara degi\u015fli G\u00fcw\u00e4namalary gow\u015furmak we ilkinji harby atlaryny dakmak dabarasy ge\u00e7irildi. T\u00fcrkmenistany\u0148 Prezidentini\u0148 2021-nji \u00fdyly\u0148 6-njy aprelind\u00e4ki 2212-nji belgili karary bilen tassyklanan \u00abT\u00fcrkmenistany\u0148 D\u00f6wlet g\u00fcmr\u00fck gullugy hakynda\u00bb D\u00fczg\u00fcnnama la\u00fdyklykda, \u015fu \u00fdyly\u0148 24-nji martyndan 24-nji ma\u00fdy aralygynda Arkadag \u015f\u00e4herini\u0148 g\u00fcmr\u00fckhanasynda Gullugy\u0148 d\u00fcz\u00fcmind\u00e4ki \u00fda\u015f harby gulluk\u00e7ylara h\u00fcn\u00e4r ta\u00fd\u00fdarlygy we harby [&hellip;]<\/p>\n","protected":false},"author":2,"featured_media":136266,"comment_status":"open","ping_status":"closed","sticky":false,"template":"","format":"standard","meta":{"footnotes":""},"categories":[3],"tags":[],"acf":[],"_links":{"self":[{"href":"https:\/\/zamanturkmenistan.com.tm\/index.php?rest_route=\/wp\/v2\/posts\/136265"}],"collection":[{"href":"https:\/\/zamanturkmenistan.com.tm\/index.php?rest_route=\/wp\/v2\/posts"}],"about":[{"href":"https:\/\/zamanturkmenistan.com.tm\/index.php?rest_route=\/wp\/v2\/types\/post"}],"author":[{"embeddable":true,"href":"https:\/\/zamanturkmenistan.com.tm\/index.php?rest_route=\/wp\/v2\/users\/2"}],"replies":[{"embeddable":true,"href":"https:\/\/zamanturkmenistan.com.tm\/index.php?rest_route=%2Fwp%2Fv2%2Fcomments&post=136265"}],"version-history":[{"count":1,"href":"https:\/\/zamanturkmenistan.com.tm\/index.php?rest_route=\/wp\/v2\/posts\/136265\/revisions"}],"predecessor-version":[{"id":136267,"href":"https:\/\/zamanturkmenistan.com.tm\/index.php?rest_route=\/wp\/v2\/posts\/136265\/revisions\/136267"}],"wp:featuredmedia":[{"embeddable":true,"href":"https:\/\/zamanturkmenistan.com.tm\/index.php?rest_route=\/wp\/v2\/media\/136266"}],"wp:attachment":[{"href":"https:\/\/zamanturkmenistan.com.tm\/index.php?rest_route=%2Fwp%2Fv2%2Fmedia&parent=136265"}],"wp:term":[{"taxonomy":"category","embeddable":true,"href":"https:\/\/zamanturkmenistan.com.tm\/index.php?rest_route=%2Fwp%2Fv2%2Fcategories&post=136265"},{"taxonomy":"post_tag","embeddable":true,"href":"https:\/\/zamanturkmenistan.com.tm\/index.php?rest_route=%2Fwp%2Fv2%2Ftags&post=136265"}],"curies":[{"name":"wp","href":"https:\/\/api.w.org\/{rel}","templated":true}]}}