{"id":136455,"date":"2025-05-30T09:54:22","date_gmt":"2025-05-30T04:54:22","guid":{"rendered":"https:\/\/zamanturkmenistan.com.tm\/?p=136455"},"modified":"2025-05-30T09:54:22","modified_gmt":"2025-05-30T04:54:22","slug":"awazada-halkara-tans-we-folklor-festiwaly-geciriler","status":"publish","type":"post","link":"https:\/\/zamanturkmenistan.com.tm\/?p=136455","title":{"rendered":"Awazada halkara tans we folklor festiwaly ge\u00e7iriler"},"content":{"rendered":"<p>2 \u2014 7-nji i\u00fdun aralygynda \u201cAwaza\u201d milli sy\u00fdahat\u00e7ylyk zolagynda \u00abAwaza \u2014 dostluk mekany\u00bb atly halkara tans we folklor festiwaly ge\u00e7irmek me\u00fdille\u015fdiril\u00fd\u00e4r.<\/p>\n<p>Festiwaly\u0148 \u00e7\u00e4klerinde \u00fdurdumyzy\u0148 we da\u015fary d\u00f6wletleri\u0148 tans toparlaryny\u0148 gatna\u015fmagynda \u201cK\u00fc\u015ftdepdi \u2014 parahat\u00e7ylyk wasp\u00e7ysy\u201d atly halkara maslahaty, bu tans dessuryny\u0148 g\u00f6rn\u00fc\u015flerini\u0148 g\u00f6rkezme \u00e7yky\u015flaryny, \u015fe\u00fdle hem tans we folklor toparlaryny\u0148 konsertini guramak g\u00f6z \u00f6\u0148\u00fcnde tutul\u00fdar. Bu festiwal t\u00fcrkmen milli tans sungatyny we gadymy folkloryny d\u00fcn\u00fd\u00e4 halklary bilen tany\u015fdyrmaga, halklary\u0148 arasyndaky d\u00f6redijilik gatna\u015fyklaryny \u00f6sd\u00fcrm\u00e4ge \u00fdardam berer. 29-njy ma\u00fdda ge\u00e7irilen sanly ulgam arkaly Ministrler Kabinetini\u0148 mejlisinde\u00a0 Ministrler Kabinetini\u0148 Ba\u015flygyny\u0148 orunbasary B.Se\u00fdidowa \u00abAwaza \u2014 dostluk mekany\u00bb atly halkara tans we folklor festiwalyny ge\u00e7irm\u00e4ge g\u00f6r\u00fcl\u00fd\u00e4n ta\u00fd\u00fdarlyk i\u015fleri barada hasabat berdi.<\/p>\n","protected":false},"excerpt":{"rendered":"<p>2 \u2014 7-nji i\u00fdun aralygynda \u201cAwaza\u201d milli sy\u00fdahat\u00e7ylyk zolagynda \u00abAwaza \u2014 dostluk mekany\u00bb atly halkara tans we folklor festiwaly ge\u00e7irmek me\u00fdille\u015fdiril\u00fd\u00e4r. Festiwaly\u0148 \u00e7\u00e4klerinde \u00fdurdumyzy\u0148 we da\u015fary d\u00f6wletleri\u0148 tans toparlaryny\u0148 gatna\u015fmagynda \u201cK\u00fc\u015ftdepdi \u2014 parahat\u00e7ylyk wasp\u00e7ysy\u201d atly halkara maslahaty, bu tans dessuryny\u0148 g\u00f6rn\u00fc\u015flerini\u0148 g\u00f6rkezme \u00e7yky\u015flaryny, \u015fe\u00fdle hem tans we folklor toparlaryny\u0148 konsertini guramak g\u00f6z \u00f6\u0148\u00fcnde tutul\u00fdar. Bu [&hellip;]<\/p>\n","protected":false},"author":2,"featured_media":0,"comment_status":"open","ping_status":"closed","sticky":false,"template":"","format":"standard","meta":{"footnotes":""},"categories":[3],"tags":[],"acf":[],"_links":{"self":[{"href":"https:\/\/zamanturkmenistan.com.tm\/index.php?rest_route=\/wp\/v2\/posts\/136455"}],"collection":[{"href":"https:\/\/zamanturkmenistan.com.tm\/index.php?rest_route=\/wp\/v2\/posts"}],"about":[{"href":"https:\/\/zamanturkmenistan.com.tm\/index.php?rest_route=\/wp\/v2\/types\/post"}],"author":[{"embeddable":true,"href":"https:\/\/zamanturkmenistan.com.tm\/index.php?rest_route=\/wp\/v2\/users\/2"}],"replies":[{"embeddable":true,"href":"https:\/\/zamanturkmenistan.com.tm\/index.php?rest_route=%2Fwp%2Fv2%2Fcomments&post=136455"}],"version-history":[{"count":1,"href":"https:\/\/zamanturkmenistan.com.tm\/index.php?rest_route=\/wp\/v2\/posts\/136455\/revisions"}],"predecessor-version":[{"id":136456,"href":"https:\/\/zamanturkmenistan.com.tm\/index.php?rest_route=\/wp\/v2\/posts\/136455\/revisions\/136456"}],"wp:attachment":[{"href":"https:\/\/zamanturkmenistan.com.tm\/index.php?rest_route=%2Fwp%2Fv2%2Fmedia&parent=136455"}],"wp:term":[{"taxonomy":"category","embeddable":true,"href":"https:\/\/zamanturkmenistan.com.tm\/index.php?rest_route=%2Fwp%2Fv2%2Fcategories&post=136455"},{"taxonomy":"post_tag","embeddable":true,"href":"https:\/\/zamanturkmenistan.com.tm\/index.php?rest_route=%2Fwp%2Fv2%2Ftags&post=136455"}],"curies":[{"name":"wp","href":"https:\/\/api.w.org\/{rel}","templated":true}]}}