{"id":136467,"date":"2025-05-30T11:00:55","date_gmt":"2025-05-30T06:00:55","guid":{"rendered":"https:\/\/zamanturkmenistan.com.tm\/?p=136467"},"modified":"2025-05-30T11:00:55","modified_gmt":"2025-05-30T06:00:55","slug":"parahatcylyk-sazy-dostluk-doganlyk-sazy-atly-aydym-saz-festiwalynyn-acylys-dabarasy","status":"publish","type":"post","link":"https:\/\/zamanturkmenistan.com.tm\/?p=136467","title":{"rendered":"\u00abParahat\u00e7ylyk sazy, dostluk, doganlyk sazy\u00bb atly a\u00fddym-saz festiwalyny\u0148 a\u00e7yly\u015f dabarasy"},"content":{"rendered":"<p>29-njy ma\u00fdda T\u00fcrkmenistany\u0148 D\u00f6wlet medeni\u00fdet merkezini\u0148 Mukamlar k\u00f6\u015fg\u00fcnde \u00fdurdumyzy\u0148 \u00dda\u015flar simfoniki orkestrini\u0148 we birle\u015fen \u00e7agalar horuny\u0148 \u00abParahat\u00e7ylyk sazy, dostluk, doganlyk sazy\u00bb atly a\u00fddym-saz festiwalyny\u0148 a\u00e7yly\u015f dabarasy boldy.<\/p>\n<p>Dabara \u00fdurdumyzy\u0148 d\u00fcrli k\u00fcnjeklerinden \u00fda\u015f zehinler gatna\u015fdylar. Olar sahnada \u00f6z ba\u015farnyklaryny g\u00f6rkezip, \u00e7yky\u015flary bilen toma\u015fa\u00e7ylarda \u00fdakymly t\u00e4sirleri galdyrdylar. Festiwal d\u00f6redijiligi\u0148, \u00fda\u015flygy\u0148 we dostlugy\u0148 hakyky ba\u00fdramyna \u00f6wr\u00fcldi.<br \/>\nFestiwala \u00fda\u015f sazandalary\u0148dyr a\u00fddym\u00e7ylary\u0148 gatna\u015fmagy \u00fdurdumyzda \u00e7agalary\u0148 we \u00fda\u015flary\u0148 d\u00f6redijiligini\u0148 \u00f6sd\u00fcrilmegine a\u00fdratyn \u00fcns beril\u00fd\u00e4ndigini\u0148 a\u00fddy\u0148 be\u00fdany boldy. \u00abParahat\u00e7ylyk sazy, dostluk, doganlyk sazy\u00bb atly a\u00fddym-saz festiwaly \u00fda\u015f zehinleri\u0148 m\u00fcmkin\u00e7iliklerini a\u00e7mak, tejribe aly\u015fmak we \u00fda\u015fajyk artistleri\u0148 arasynda medeni gatna\u015fyklary berkitmek \u00fc\u00e7in aja\u00fdyp me\u00fddan\u00e7a \u00f6wr\u00fcldi.<br \/>\nFestiwal \u00fdene birn\u00e4\u00e7e g\u00fcn\u00fc\u0148 dowamynda a\u00fddym-sazy\u0148 d\u00fcrli \u017eanrlary we g\u00f6rn\u00fc\u015fleri bilen toma\u015fa\u00e7ylary begendirmegi dowam eder. Sahnada na\u00fdba\u015fy nusgawy sazlar, \u015fe\u00fdle hem T\u00fcrkmenistany\u0148 we d\u00fcn\u00fd\u00e4 \u00fdurtlaryny\u0148 a\u00fddym-saz medeni\u00fdetini\u0148 ba\u00fdlygyny hem-de k\u00f6pugurlylygyny \u015f\u00f6hlelendir\u00fd\u00e4n d\u00f6wrebap a\u00fddymlar \u00fderine \u00fdetiriler. Toma\u015fa\u00e7ylar \u00fc\u00e7in \u00fda\u015f zehinli a\u00fddym\u00e7ylary\u0148 we sazandalary\u0148 \u00e7yky\u015flaryndan lezzet almaga m\u00fcmkin\u00e7ilik bolar.<\/p>\n","protected":false},"excerpt":{"rendered":"<p>29-njy ma\u00fdda T\u00fcrkmenistany\u0148 D\u00f6wlet medeni\u00fdet merkezini\u0148 Mukamlar k\u00f6\u015fg\u00fcnde \u00fdurdumyzy\u0148 \u00dda\u015flar simfoniki orkestrini\u0148 we birle\u015fen \u00e7agalar horuny\u0148 \u00abParahat\u00e7ylyk sazy, dostluk, doganlyk sazy\u00bb atly a\u00fddym-saz festiwalyny\u0148 a\u00e7yly\u015f dabarasy boldy. Dabara \u00fdurdumyzy\u0148 d\u00fcrli k\u00fcnjeklerinden \u00fda\u015f zehinler gatna\u015fdylar. Olar sahnada \u00f6z ba\u015farnyklaryny g\u00f6rkezip, \u00e7yky\u015flary bilen toma\u015fa\u00e7ylarda \u00fdakymly t\u00e4sirleri galdyrdylar. Festiwal d\u00f6redijiligi\u0148, \u00fda\u015flygy\u0148 we dostlugy\u0148 hakyky ba\u00fdramyna \u00f6wr\u00fcldi. Festiwala \u00fda\u015f [&hellip;]<\/p>\n","protected":false},"author":2,"featured_media":136470,"comment_status":"open","ping_status":"closed","sticky":false,"template":"","format":"standard","meta":{"footnotes":""},"categories":[3],"tags":[],"acf":[],"_links":{"self":[{"href":"https:\/\/zamanturkmenistan.com.tm\/index.php?rest_route=\/wp\/v2\/posts\/136467"}],"collection":[{"href":"https:\/\/zamanturkmenistan.com.tm\/index.php?rest_route=\/wp\/v2\/posts"}],"about":[{"href":"https:\/\/zamanturkmenistan.com.tm\/index.php?rest_route=\/wp\/v2\/types\/post"}],"author":[{"embeddable":true,"href":"https:\/\/zamanturkmenistan.com.tm\/index.php?rest_route=\/wp\/v2\/users\/2"}],"replies":[{"embeddable":true,"href":"https:\/\/zamanturkmenistan.com.tm\/index.php?rest_route=%2Fwp%2Fv2%2Fcomments&post=136467"}],"version-history":[{"count":1,"href":"https:\/\/zamanturkmenistan.com.tm\/index.php?rest_route=\/wp\/v2\/posts\/136467\/revisions"}],"predecessor-version":[{"id":136471,"href":"https:\/\/zamanturkmenistan.com.tm\/index.php?rest_route=\/wp\/v2\/posts\/136467\/revisions\/136471"}],"wp:featuredmedia":[{"embeddable":true,"href":"https:\/\/zamanturkmenistan.com.tm\/index.php?rest_route=\/wp\/v2\/media\/136470"}],"wp:attachment":[{"href":"https:\/\/zamanturkmenistan.com.tm\/index.php?rest_route=%2Fwp%2Fv2%2Fmedia&parent=136467"}],"wp:term":[{"taxonomy":"category","embeddable":true,"href":"https:\/\/zamanturkmenistan.com.tm\/index.php?rest_route=%2Fwp%2Fv2%2Fcategories&post=136467"},{"taxonomy":"post_tag","embeddable":true,"href":"https:\/\/zamanturkmenistan.com.tm\/index.php?rest_route=%2Fwp%2Fv2%2Ftags&post=136467"}],"curies":[{"name":"wp","href":"https:\/\/api.w.org\/{rel}","templated":true}]}}