{"id":136469,"date":"2025-05-30T11:06:58","date_gmt":"2025-05-30T06:06:58","guid":{"rendered":"https:\/\/zamanturkmenistan.com.tm\/?p=136469"},"modified":"2025-05-30T11:06:58","modified_gmt":"2025-05-30T06:06:58","slug":"sarahs-saherinde-dowrebap-taze-bazar-gurlar","status":"publish","type":"post","link":"https:\/\/zamanturkmenistan.com.tm\/?p=136469","title":{"rendered":"Sarahs \u015f\u00e4herinde d\u00f6wrebap t\u00e4ze bazar gurlar"},"content":{"rendered":"<p>\u00ddurdumyzda s\u00f6wda ulgamyny k\u00e4mille\u015fdirmek, ilata \u00fdokary hilli s\u00f6wda hyzmatlaryny \u00fderine \u00fdetirmek, \u015fol sanda s\u00f6wda we hyzmat edi\u015f maksatly d\u00f6wrebap desgalary gurmak bo\u00fdun\u00e7a zerur i\u015fler durmu\u015fa ge\u00e7iril\u00fd\u00e4r. \u015eunu\u0148 bilen baglylykda, Ahal wela\u00fdatyny\u0148 Sarahs etrabyny\u0148 Sarahs \u015f\u00e4herini\u0148 \u00e7\u00e4ginde t\u00e4ze gurulmagy g\u00f6z \u00f6\u0148\u00fcnde tutul\u00fdan bazary\u0148 \u015fekil taslamasy i\u015flenilip ta\u00fd\u00fdarlandy. Bu bo\u00fdun\u00e7a 29-njy ma\u00fdda ge\u00e7irilen sanly ulgam arkaly Ministrler Kabinetini\u0148 mejlisinde Ministrler Kabinetini\u0148 Ba\u015flygyny\u0148 orunbasary N.Ataguly\u00fdew d\u00f6wlet Ba\u015ftutanymyzy\u0148 garamagyna degi\u015fli teklibi h\u00f6d\u00fcrledi.<br \/>\nHormatly Prezidentimiz hasabaty di\u0148l\u00e4p, \u00fdurdumyzy\u0148 s\u00f6wda ulgamyny k\u00e4mille\u015fdirmek, ilaty \u00fdokary hilli s\u00f6wda hyzmatlary bilen \u00fcpj\u00fcn etmek bo\u00fdun\u00e7a maksatnamala\u00fdyn i\u015fleri\u0148 amala a\u015fyryl\u00fdandygyny, s\u00f6wda we hyzmat edi\u015f maksatly d\u00f6wrebap desgalary\u0148 yzygiderli gurul\u00fdandygyny belledi. D\u00f6wlet Ba\u015ftutanymyz Ahal wela\u00fdatyny\u0148 Sarahs etrabyny\u0148 Sarahs \u015f\u00e4herinde d\u00f6wrebap t\u00e4ze bazary gurmak bilen bagly ta\u00fd\u00fdarlanan teklibi makullap, wise-prem\u00fdere bu ugurda degi\u015fli i\u015fleri ge\u00e7irmegi tab\u015fyrdy.<\/p>\n","protected":false},"excerpt":{"rendered":"<p>\u00ddurdumyzda s\u00f6wda ulgamyny k\u00e4mille\u015fdirmek, ilata \u00fdokary hilli s\u00f6wda hyzmatlaryny \u00fderine \u00fdetirmek, \u015fol sanda s\u00f6wda we hyzmat edi\u015f maksatly d\u00f6wrebap desgalary gurmak bo\u00fdun\u00e7a zerur i\u015fler durmu\u015fa ge\u00e7iril\u00fd\u00e4r. \u015eunu\u0148 bilen baglylykda, Ahal wela\u00fdatyny\u0148 Sarahs etrabyny\u0148 Sarahs \u015f\u00e4herini\u0148 \u00e7\u00e4ginde t\u00e4ze gurulmagy g\u00f6z \u00f6\u0148\u00fcnde tutul\u00fdan bazary\u0148 \u015fekil taslamasy i\u015flenilip ta\u00fd\u00fdarlandy. Bu bo\u00fdun\u00e7a 29-njy ma\u00fdda ge\u00e7irilen sanly ulgam arkaly Ministrler [&hellip;]<\/p>\n","protected":false},"author":2,"featured_media":133444,"comment_status":"open","ping_status":"closed","sticky":false,"template":"","format":"standard","meta":{"footnotes":""},"categories":[3],"tags":[],"acf":[],"_links":{"self":[{"href":"https:\/\/zamanturkmenistan.com.tm\/index.php?rest_route=\/wp\/v2\/posts\/136469"}],"collection":[{"href":"https:\/\/zamanturkmenistan.com.tm\/index.php?rest_route=\/wp\/v2\/posts"}],"about":[{"href":"https:\/\/zamanturkmenistan.com.tm\/index.php?rest_route=\/wp\/v2\/types\/post"}],"author":[{"embeddable":true,"href":"https:\/\/zamanturkmenistan.com.tm\/index.php?rest_route=\/wp\/v2\/users\/2"}],"replies":[{"embeddable":true,"href":"https:\/\/zamanturkmenistan.com.tm\/index.php?rest_route=%2Fwp%2Fv2%2Fcomments&post=136469"}],"version-history":[{"count":1,"href":"https:\/\/zamanturkmenistan.com.tm\/index.php?rest_route=\/wp\/v2\/posts\/136469\/revisions"}],"predecessor-version":[{"id":136473,"href":"https:\/\/zamanturkmenistan.com.tm\/index.php?rest_route=\/wp\/v2\/posts\/136469\/revisions\/136473"}],"wp:featuredmedia":[{"embeddable":true,"href":"https:\/\/zamanturkmenistan.com.tm\/index.php?rest_route=\/wp\/v2\/media\/133444"}],"wp:attachment":[{"href":"https:\/\/zamanturkmenistan.com.tm\/index.php?rest_route=%2Fwp%2Fv2%2Fmedia&parent=136469"}],"wp:term":[{"taxonomy":"category","embeddable":true,"href":"https:\/\/zamanturkmenistan.com.tm\/index.php?rest_route=%2Fwp%2Fv2%2Fcategories&post=136469"},{"taxonomy":"post_tag","embeddable":true,"href":"https:\/\/zamanturkmenistan.com.tm\/index.php?rest_route=%2Fwp%2Fv2%2Ftags&post=136469"}],"curies":[{"name":"wp","href":"https:\/\/api.w.org\/{rel}","templated":true}]}}