{"id":137403,"date":"2025-06-13T09:38:18","date_gmt":"2025-06-13T04:38:18","guid":{"rendered":"https:\/\/zamanturkmenistan.com.tm\/?p=137403"},"modified":"2025-06-13T09:39:20","modified_gmt":"2025-06-13T04:39:20","slug":"yas-alymlar-sylaglandy","status":"publish","type":"post","link":"https:\/\/zamanturkmenistan.com.tm\/?p=137403","title":{"rendered":"\u00dda\u015f alymlar sylaglandy"},"content":{"rendered":"<p>12-nji i\u00fdunda T\u00fcrkmenistany\u0148 Oguz han adyndaky In\u017eener-tehnologi\u00fdalar uniwersitetinde \u00fda\u015flary\u0148 arasynda ylmy i\u015fler bo\u00fdun\u00e7a yglan edilen b\u00e4sle\u015figi\u0148 \u00fde\u0148ijilerini sylaglamak dabarasy ge\u00e7irildi.<\/p>\n<p>Dabarany\u0148 ba\u015fynda o\u0148a gatna\u015fanlar \u00fdurdumyzy\u0148 \u00fdokary okuw mekdeplerini\u0148 d\u00f6redijilik toparlaryny\u0148 edebi-sazly kompozisi\u00fda \u00e7yky\u015flaryna toma\u015fa etdiler. So\u0148ra T\u00fcrkmenistany\u0148 Prezidenti Serdar Berdimuhamedowy\u0148 T\u00fcrkmenistany\u0148 \u00fda\u015flaryny\u0148 arasynda ylmy i\u015fler bo\u00fdun\u00e7a ge\u00e7irilen b\u00e4sle\u015figi\u0148 \u00fde\u0148ijilerine iberen Gutlagyny uly ruhubelentlik bilen di\u0148lediler.<br \/>\nB\u00e4sle\u015fik nanotehnologi\u00fdalar, himiki tehnologi\u00fdalar, t\u00e4ze materiallary \u00f6wrenmek we energetika; biotehnologi\u00fda, molekul\u00fdar biologi\u00fda, oba hojalygy, ekologi\u00fda we genetika; maglumat we aragatna\u015fyk ulgamlary, komp\u00fduter tehnologi\u00fdalary; h\u00e4zirki zaman lukman\u00e7ylyk we derman seri\u015fdelerini \u00f6nd\u00fcrmek tehnologi\u00fdalary; innowasion ykdysady\u00fdet; ynsanperwer ylymlar \u00fdaly, ylymda \u00f6\u0148e s\u00fcr\u00fcl\u00fd\u00e4n ugurlar bo\u00fdun\u00e7a ge\u00e7irildi.<br \/>\nB\u00e4sle\u015fige \u00fda\u015flary\u0148 1 m\u00fc\u0148 665-si gatna\u015fyp, olary\u0148 118-si \u00fde\u0148iji boldy. \u015eowhunly el \u00e7arpy\u015fmalary\u0148 astynda olara \u015eahadatnamalar, \u015fe\u00fdle-de T\u00fcrkmenistany\u0148 Prezidenti Serdar Berdimuhamedowy\u0148 adyndan gymmat bahaly sowgatlar gow\u015furyldy.<\/p>\n<p><img decoding=\"async\" loading=\"lazy\" class=\"aligncenter wp-image-137406 size-full\" src=\"https:\/\/zamanturkmenistan.com.tm\/wp-content\/uploads\/2025\/06\/yash-alymlar-sylaglandy.jpg\" alt=\"\" width=\"1000\" height=\"625\" srcset=\"https:\/\/zamanturkmenistan.com.tm\/wp-content\/uploads\/2025\/06\/yash-alymlar-sylaglandy.jpg 1000w, https:\/\/zamanturkmenistan.com.tm\/wp-content\/uploads\/2025\/06\/yash-alymlar-sylaglandy-300x188.jpg 300w, https:\/\/zamanturkmenistan.com.tm\/wp-content\/uploads\/2025\/06\/yash-alymlar-sylaglandy-768x480.jpg 768w, https:\/\/zamanturkmenistan.com.tm\/wp-content\/uploads\/2025\/06\/yash-alymlar-sylaglandy-500x313.jpg 500w, https:\/\/zamanturkmenistan.com.tm\/wp-content\/uploads\/2025\/06\/yash-alymlar-sylaglandy-250x156.jpg 250w, https:\/\/zamanturkmenistan.com.tm\/wp-content\/uploads\/2025\/06\/yash-alymlar-sylaglandy-696x435.jpg 696w, https:\/\/zamanturkmenistan.com.tm\/wp-content\/uploads\/2025\/06\/yash-alymlar-sylaglandy-672x420.jpg 672w\" sizes=\"(max-width: 1000px) 100vw, 1000px\" \/><\/p>\n<p>T\u00fcrkmenistany\u0148 Oguz han adyndaky In\u017eener-tehnologi\u00fdalar uniwersitetini\u0148 fo\u00fdesinde \u00fdokary okuw mekdeplerini\u0148 talyplaryny\u0148 ta\u00fd\u00fdarlan ylmy-taslama i\u015flerini\u0148 sergisi hem guraldy.<br \/>\nDabarany\u0148 dowamynda o\u0148a gatna\u015fyjylar T\u00fcrkmenistany\u0148 Prezidenti Serdar Berdimuhamedowy\u0148 adyna \u00dd\u00fczlenme kabul etdiler.<br \/>\nSo\u0148ra bolsa, ylymlar g\u00fcni mynasybetli medeni\u00fdet, sungat ussatlaryny\u0148 we \u00fdurdumyzy\u0148 \u00fdokary okuw mekdeplerini\u0148 talyp \u00fda\u015flaryny\u0148 d\u00f6redijilik toparlaryny\u0148 a\u00fddym-sazly ba\u00fdram\u00e7ylyk konserti ge\u00e7irildi.<\/p>\n<p><strong>\u00c7e\u015fme:<\/strong> yashlar.gov.tm.<\/p>\n","protected":false},"excerpt":{"rendered":"<p>12-nji i\u00fdunda T\u00fcrkmenistany\u0148 Oguz han adyndaky In\u017eener-tehnologi\u00fdalar uniwersitetinde \u00fda\u015flary\u0148 arasynda ylmy i\u015fler bo\u00fdun\u00e7a yglan edilen b\u00e4sle\u015figi\u0148 \u00fde\u0148ijilerini sylaglamak dabarasy ge\u00e7irildi. Dabarany\u0148 ba\u015fynda o\u0148a gatna\u015fanlar \u00fdurdumyzy\u0148 \u00fdokary okuw mekdeplerini\u0148 d\u00f6redijilik toparlaryny\u0148 edebi-sazly kompozisi\u00fda \u00e7yky\u015flaryna toma\u015fa etdiler. So\u0148ra T\u00fcrkmenistany\u0148 Prezidenti Serdar Berdimuhamedowy\u0148 T\u00fcrkmenistany\u0148 \u00fda\u015flaryny\u0148 arasynda ylmy i\u015fler bo\u00fdun\u00e7a ge\u00e7irilen b\u00e4sle\u015figi\u0148 \u00fde\u0148ijilerine iberen Gutlagyny uly ruhubelentlik bilen di\u0148lediler. [&hellip;]<\/p>\n","protected":false},"author":2,"featured_media":137404,"comment_status":"open","ping_status":"closed","sticky":false,"template":"","format":"standard","meta":{"footnotes":""},"categories":[3],"tags":[],"acf":[],"_links":{"self":[{"href":"https:\/\/zamanturkmenistan.com.tm\/index.php?rest_route=\/wp\/v2\/posts\/137403"}],"collection":[{"href":"https:\/\/zamanturkmenistan.com.tm\/index.php?rest_route=\/wp\/v2\/posts"}],"about":[{"href":"https:\/\/zamanturkmenistan.com.tm\/index.php?rest_route=\/wp\/v2\/types\/post"}],"author":[{"embeddable":true,"href":"https:\/\/zamanturkmenistan.com.tm\/index.php?rest_route=\/wp\/v2\/users\/2"}],"replies":[{"embeddable":true,"href":"https:\/\/zamanturkmenistan.com.tm\/index.php?rest_route=%2Fwp%2Fv2%2Fcomments&post=137403"}],"version-history":[{"count":2,"href":"https:\/\/zamanturkmenistan.com.tm\/index.php?rest_route=\/wp\/v2\/posts\/137403\/revisions"}],"predecessor-version":[{"id":137407,"href":"https:\/\/zamanturkmenistan.com.tm\/index.php?rest_route=\/wp\/v2\/posts\/137403\/revisions\/137407"}],"wp:featuredmedia":[{"embeddable":true,"href":"https:\/\/zamanturkmenistan.com.tm\/index.php?rest_route=\/wp\/v2\/media\/137404"}],"wp:attachment":[{"href":"https:\/\/zamanturkmenistan.com.tm\/index.php?rest_route=%2Fwp%2Fv2%2Fmedia&parent=137403"}],"wp:term":[{"taxonomy":"category","embeddable":true,"href":"https:\/\/zamanturkmenistan.com.tm\/index.php?rest_route=%2Fwp%2Fv2%2Fcategories&post=137403"},{"taxonomy":"post_tag","embeddable":true,"href":"https:\/\/zamanturkmenistan.com.tm\/index.php?rest_route=%2Fwp%2Fv2%2Ftags&post=137403"}],"curies":[{"name":"wp","href":"https:\/\/api.w.org\/{rel}","templated":true}]}}