{"id":137414,"date":"2025-06-13T11:04:00","date_gmt":"2025-06-13T06:04:00","guid":{"rendered":"https:\/\/zamanturkmenistan.com.tm\/?p=137414"},"modified":"2025-06-13T11:04:00","modified_gmt":"2025-06-13T06:04:00","slug":"asgabat-gokdepe-aralygyndaky-yolda-gatnawlar-wagtlayyn-caklendirildi","status":"publish","type":"post","link":"https:\/\/zamanturkmenistan.com.tm\/?p=137414","title":{"rendered":"A\u015fgabat \u2014 G\u00f6kdepe aralygyndaky \u00fdolda gatnawlar wagtla\u00fdyn \u00e7\u00e4klendirildi"},"content":{"rendered":"<p>12-nji i\u00fdunyndan A\u015fgabat \u2014 G\u00f6kdepe aralygyndaky gatnawly \u00fdolda gurlu\u015fyk-gurnama i\u015flerini ge\u00e7irmek zerurlygy \u00fd\u00fcze \u00e7ykany \u00fc\u00e7in gatnawlar wagtla\u00fdyn \u00e7\u00e4klendirildi. Bu barada \u00abT\u00fcrkmenistan\u00bb gazetini\u0148 11.06.2025 senesind\u00e4ki sanynda \u00e7ap edilen bildiri\u015fde habar berildi.<br \/>\nT\u00fcrkmenistany\u0148 Prezidentini\u0148 \u00fdanyndaky Arkadag \u015f\u00e4herini\u0148 gurlu\u015fygy bo\u00fdun\u00e7a d\u00f6wlet komiteti, Arkadag \u015f\u00e4herini\u0148 h\u00e4kimligi tarapyndan berlen bildiri\u015fde \u015fe\u00fdle di\u00fdil\u00fd\u00e4r:<br \/>\n\u00abArkadag \u015f\u00e4herini\u0148 binag\u00e4rlik-\u015f\u00e4hergurlu\u015fyk ke\u015fbini has-da g\u00f6zelle\u015fdirmek, \u00fdollary\u0148 durkuny t\u00e4zel\u00e4p, ra\u00fdatlara we \u00fdolag\u00e7ylara amatly, d\u00f6wrebap \u015fertleri d\u00f6retmek \u00fc\u00e7in A\u015fgabat \u2014 G\u00f6kdepe aralygyndaky gatnawly \u00fdolda gurlu\u015fyk-gurnama i\u015flerini ge\u00e7irmek zerurlygy \u00fd\u00fcze \u00e7yk\u00fdar. 2025-nji \u00fdyly\u0148 12-nji i\u00fdunyndan ba\u015flap, gurlu\u015fyk-gurnama i\u015fleri tamamlan\u00fdan\u00e7a, \u00fdokarda g\u00f6rkezilen \u00fdolda gatnawlary\u0148 wagtla\u00fdyn \u00e7\u00e4klendiril\u00fd\u00e4ndigini habar ber\u00fd\u00e4ris. Ra\u00fdatlary\u0148 b\u00e4hbidine g\u00f6n\u00fckdirilen bejeri\u015f-abatla\u00fdy\u015f i\u015flerini\u0148 ge\u00e7irilmegi we \u00fdollary\u0148 durkuny\u0148 d\u00fc\u00fdpli abadanla\u015fdyrylmagy \u00fdolag\u00e7ylar \u00fc\u00e7in \u00e4hlitarapla\u00fdyn amatlyklary \u00fcpj\u00fcn eder\u00bb.<\/p>\n","protected":false},"excerpt":{"rendered":"<p>12-nji i\u00fdunyndan A\u015fgabat \u2014 G\u00f6kdepe aralygyndaky gatnawly \u00fdolda gurlu\u015fyk-gurnama i\u015flerini ge\u00e7irmek zerurlygy \u00fd\u00fcze \u00e7ykany \u00fc\u00e7in gatnawlar wagtla\u00fdyn \u00e7\u00e4klendirildi. Bu barada \u00abT\u00fcrkmenistan\u00bb gazetini\u0148 11.06.2025 senesind\u00e4ki sanynda \u00e7ap edilen bildiri\u015fde habar berildi. T\u00fcrkmenistany\u0148 Prezidentini\u0148 \u00fdanyndaky Arkadag \u015f\u00e4herini\u0148 gurlu\u015fygy bo\u00fdun\u00e7a d\u00f6wlet komiteti, Arkadag \u015f\u00e4herini\u0148 h\u00e4kimligi tarapyndan berlen bildiri\u015fde \u015fe\u00fdle di\u00fdil\u00fd\u00e4r: \u00abArkadag \u015f\u00e4herini\u0148 binag\u00e4rlik-\u015f\u00e4hergurlu\u015fyk ke\u015fbini has-da g\u00f6zelle\u015fdirmek, \u00fdollary\u0148 durkuny [&hellip;]<\/p>\n","protected":false},"author":2,"featured_media":137415,"comment_status":"open","ping_status":"closed","sticky":false,"template":"","format":"standard","meta":{"footnotes":""},"categories":[8273],"tags":[],"acf":[],"_links":{"self":[{"href":"https:\/\/zamanturkmenistan.com.tm\/index.php?rest_route=\/wp\/v2\/posts\/137414"}],"collection":[{"href":"https:\/\/zamanturkmenistan.com.tm\/index.php?rest_route=\/wp\/v2\/posts"}],"about":[{"href":"https:\/\/zamanturkmenistan.com.tm\/index.php?rest_route=\/wp\/v2\/types\/post"}],"author":[{"embeddable":true,"href":"https:\/\/zamanturkmenistan.com.tm\/index.php?rest_route=\/wp\/v2\/users\/2"}],"replies":[{"embeddable":true,"href":"https:\/\/zamanturkmenistan.com.tm\/index.php?rest_route=%2Fwp%2Fv2%2Fcomments&post=137414"}],"version-history":[{"count":1,"href":"https:\/\/zamanturkmenistan.com.tm\/index.php?rest_route=\/wp\/v2\/posts\/137414\/revisions"}],"predecessor-version":[{"id":137416,"href":"https:\/\/zamanturkmenistan.com.tm\/index.php?rest_route=\/wp\/v2\/posts\/137414\/revisions\/137416"}],"wp:featuredmedia":[{"embeddable":true,"href":"https:\/\/zamanturkmenistan.com.tm\/index.php?rest_route=\/wp\/v2\/media\/137415"}],"wp:attachment":[{"href":"https:\/\/zamanturkmenistan.com.tm\/index.php?rest_route=%2Fwp%2Fv2%2Fmedia&parent=137414"}],"wp:term":[{"taxonomy":"category","embeddable":true,"href":"https:\/\/zamanturkmenistan.com.tm\/index.php?rest_route=%2Fwp%2Fv2%2Fcategories&post=137414"},{"taxonomy":"post_tag","embeddable":true,"href":"https:\/\/zamanturkmenistan.com.tm\/index.php?rest_route=%2Fwp%2Fv2%2Ftags&post=137414"}],"curies":[{"name":"wp","href":"https:\/\/api.w.org\/{rel}","templated":true}]}}