{"id":137743,"date":"2025-06-16T11:12:43","date_gmt":"2025-06-16T06:12:43","guid":{"rendered":"https:\/\/zamanturkmenistan.com.tm\/?p=137743"},"modified":"2025-06-16T11:19:51","modified_gmt":"2025-06-16T06:19:51","slug":"wasingtonda-harby-yoris-gecirildi","status":"publish","type":"post","link":"https:\/\/zamanturkmenistan.com.tm\/?p=137743","title":{"rendered":"Wa\u015fingtonda harby \u00fd\u00f6ri\u015f ge\u00e7irildi"},"content":{"rendered":"<p>Wa\u015fingtonda Amerikan go\u015funyny\u0148 d\u00f6redilen g\u00fcn\u00fcni\u0148 250 \u00fdyllygyna bagy\u015flanan harby \u00fd\u00f6ri\u015f ge\u00e7irildi. O\u0148a \u00fdurdu\u0148 Prezidenti Donald Tramp gatna\u015fdy, ba\u00fdram\u00e7ylyk onu\u0148 doglan g\u00fcn\u00fcne gabat geldi. 14-nji i\u00fdunda Amerikany\u0148 Prezidenti 79 \u00fda\u015fady. Dabaraly \u00fd\u00f6ri\u015fe AB\u015e-ny\u0148 taryhyny\u0148 d\u00fcrli d\u00f6w\u00fcrlerine degi\u015fli harby e\u015fik ge\u00fden 6 m\u00fc\u0148den gowrak harby gulluk\u00e7y gatna\u015fdy.<\/p>\n","protected":false},"excerpt":{"rendered":"<p>Wa\u015fingtonda Amerikan go\u015funyny\u0148 d\u00f6redilen g\u00fcn\u00fcni\u0148 250 \u00fdyllygyna bagy\u015flanan harby \u00fd\u00f6ri\u015f ge\u00e7irildi. O\u0148a \u00fdurdu\u0148 Prezidenti Donald Tramp gatna\u015fdy, ba\u00fdram\u00e7ylyk onu\u0148 doglan g\u00fcn\u00fcne gabat geldi. 14-nji i\u00fdunda Amerikany\u0148 Prezidenti 79 \u00fda\u015fady. Dabaraly \u00fd\u00f6ri\u015fe AB\u015e-ny\u0148 taryhyny\u0148 d\u00fcrli d\u00f6w\u00fcrlerine degi\u015fli harby e\u015fik ge\u00fden 6 m\u00fc\u0148den gowrak harby gulluk\u00e7y gatna\u015fdy.<\/p>\n","protected":false},"author":2,"featured_media":137744,"comment_status":"open","ping_status":"closed","sticky":false,"template":"","format":"standard","meta":{"footnotes":""},"categories":[5],"tags":[],"acf":[],"_links":{"self":[{"href":"https:\/\/zamanturkmenistan.com.tm\/index.php?rest_route=\/wp\/v2\/posts\/137743"}],"collection":[{"href":"https:\/\/zamanturkmenistan.com.tm\/index.php?rest_route=\/wp\/v2\/posts"}],"about":[{"href":"https:\/\/zamanturkmenistan.com.tm\/index.php?rest_route=\/wp\/v2\/types\/post"}],"author":[{"embeddable":true,"href":"https:\/\/zamanturkmenistan.com.tm\/index.php?rest_route=\/wp\/v2\/users\/2"}],"replies":[{"embeddable":true,"href":"https:\/\/zamanturkmenistan.com.tm\/index.php?rest_route=%2Fwp%2Fv2%2Fcomments&post=137743"}],"version-history":[{"count":2,"href":"https:\/\/zamanturkmenistan.com.tm\/index.php?rest_route=\/wp\/v2\/posts\/137743\/revisions"}],"predecessor-version":[{"id":137747,"href":"https:\/\/zamanturkmenistan.com.tm\/index.php?rest_route=\/wp\/v2\/posts\/137743\/revisions\/137747"}],"wp:featuredmedia":[{"embeddable":true,"href":"https:\/\/zamanturkmenistan.com.tm\/index.php?rest_route=\/wp\/v2\/media\/137744"}],"wp:attachment":[{"href":"https:\/\/zamanturkmenistan.com.tm\/index.php?rest_route=%2Fwp%2Fv2%2Fmedia&parent=137743"}],"wp:term":[{"taxonomy":"category","embeddable":true,"href":"https:\/\/zamanturkmenistan.com.tm\/index.php?rest_route=%2Fwp%2Fv2%2Fcategories&post=137743"},{"taxonomy":"post_tag","embeddable":true,"href":"https:\/\/zamanturkmenistan.com.tm\/index.php?rest_route=%2Fwp%2Fv2%2Ftags&post=137743"}],"curies":[{"name":"wp","href":"https:\/\/api.w.org\/{rel}","templated":true}]}}