{"id":139459,"date":"2025-07-04T10:39:07","date_gmt":"2025-07-04T05:39:07","guid":{"rendered":"https:\/\/zamanturkmenistan.com.tm\/?p=139459"},"modified":"2025-07-04T18:52:15","modified_gmt":"2025-07-04T13:52:15","slug":"saylaw-kampaniyasy-baslady","status":"publish","type":"post","link":"https:\/\/zamanturkmenistan.com.tm\/?p=139459","title":{"rendered":"Sa\u00fdlaw kampani\u00fdasy ba\u015flady"},"content":{"rendered":"<p>\u00ddaponi\u00fdada liberal demokratik parti\u00fdany\u0148 (LDP) \u00fdolba\u015f\u00e7ylygyndaky \u00fdurdu\u0148 dolandyryjy bloguny\u0148 geljegini kesgitle\u00fd\u00e4n parlamenti\u0148 \u00fdokarky palatasyna ge\u00e7iriljek sa\u00fdlawdan \u00f6\u0148ki kampani\u00fda resmi ta\u00fddan \u00ddaponi\u00fdada ba\u015flandy.<br \/>\nSa\u00fdlawlar 20-nji i\u00fdulda ge\u00e7iriler. Parlamenti\u0148 \u00fdokarky palatasyny\u0148 wekillerini\u0148 ygty\u00fdarlyk m\u00f6hleti 6 \u00fdyl bolup, her 3 \u00fdylda bir gezek sa\u00fdlaw ge\u00e7iril\u00fd\u00e4r: umumy sany 248 orun bolan palatany\u0148 agzalaryny\u0148 di\u0148e \u00fdarysy ga\u00fdtadan sa\u00fdlan\u00fdar.<br \/>\n\u00ddaponi\u00fdany\u0148 Prem\u00fder-ministri Sigeru Isibany\u0148 we Komeito parti\u00fdasyny\u0148 \u00fdolba\u015f\u00e7ylygyndaky LDP-ni\u0148 dolandyryjy koalisi\u00fdasy h\u00e4zirki wagtda k\u00f6pl\u00fck bolup dur\u00fdar (140).<br \/>\n\u015ee\u00fdle-de bolsa, 2024-nji \u00fdyly\u0148 g\u00fc\u00fdz\u00fcnde parlamenti\u0148 esasy a\u015faky palatasyna ge\u00e7irilen sa\u00fdlawlarda, hem h\u00f6k\u00fcmeti\u0148, hem dolandyryjy parti\u00fdany\u0148 goldaw derejesini\u0148 \u00f6r\u00e4n pes bolmagyndan so\u0148, \u00fderli bilermenler Isibany\u0148 \u00fdene bir \u015fowsuzlyga du\u00e7ar boljakdygyny \u00e7akla\u00fdarlar.<br \/>\n2024-nji \u00fdylda Isibany\u0148 \u00fdolba\u015f\u00e7ylygyndaky LDP a\u015faky palatada k\u00f6pl\u00fcgini \u00fditirdi, bu bolsa durnuksyz hasaplan\u00fdan azlyk h\u00f6k\u00fcmetini d\u00f6retm\u00e4ge mejbur etdi.<\/p>\n","protected":false},"excerpt":{"rendered":"<p>\u00ddaponi\u00fdada liberal demokratik parti\u00fdany\u0148 (LDP) \u00fdolba\u015f\u00e7ylygyndaky \u00fdurdu\u0148 dolandyryjy bloguny\u0148 geljegini kesgitle\u00fd\u00e4n parlamenti\u0148 \u00fdokarky palatasyna ge\u00e7iriljek sa\u00fdlawdan \u00f6\u0148ki kampani\u00fda resmi ta\u00fddan \u00ddaponi\u00fdada ba\u015flandy. Sa\u00fdlawlar 20-nji i\u00fdulda ge\u00e7iriler. Parlamenti\u0148 \u00fdokarky palatasyny\u0148 wekillerini\u0148 ygty\u00fdarlyk m\u00f6hleti 6 \u00fdyl bolup, her 3 \u00fdylda bir gezek sa\u00fdlaw ge\u00e7iril\u00fd\u00e4r: umumy sany 248 orun bolan palatany\u0148 agzalaryny\u0148 di\u0148e \u00fdarysy ga\u00fdtadan sa\u00fdlan\u00fdar. \u00ddaponi\u00fdany\u0148 Prem\u00fder-ministri [&hellip;]<\/p>\n","protected":false},"author":2,"featured_media":139460,"comment_status":"open","ping_status":"closed","sticky":false,"template":"","format":"standard","meta":{"footnotes":""},"categories":[5],"tags":[],"acf":[],"_links":{"self":[{"href":"https:\/\/zamanturkmenistan.com.tm\/index.php?rest_route=\/wp\/v2\/posts\/139459"}],"collection":[{"href":"https:\/\/zamanturkmenistan.com.tm\/index.php?rest_route=\/wp\/v2\/posts"}],"about":[{"href":"https:\/\/zamanturkmenistan.com.tm\/index.php?rest_route=\/wp\/v2\/types\/post"}],"author":[{"embeddable":true,"href":"https:\/\/zamanturkmenistan.com.tm\/index.php?rest_route=\/wp\/v2\/users\/2"}],"replies":[{"embeddable":true,"href":"https:\/\/zamanturkmenistan.com.tm\/index.php?rest_route=%2Fwp%2Fv2%2Fcomments&post=139459"}],"version-history":[{"count":1,"href":"https:\/\/zamanturkmenistan.com.tm\/index.php?rest_route=\/wp\/v2\/posts\/139459\/revisions"}],"predecessor-version":[{"id":139461,"href":"https:\/\/zamanturkmenistan.com.tm\/index.php?rest_route=\/wp\/v2\/posts\/139459\/revisions\/139461"}],"wp:featuredmedia":[{"embeddable":true,"href":"https:\/\/zamanturkmenistan.com.tm\/index.php?rest_route=\/wp\/v2\/media\/139460"}],"wp:attachment":[{"href":"https:\/\/zamanturkmenistan.com.tm\/index.php?rest_route=%2Fwp%2Fv2%2Fmedia&parent=139459"}],"wp:term":[{"taxonomy":"category","embeddable":true,"href":"https:\/\/zamanturkmenistan.com.tm\/index.php?rest_route=%2Fwp%2Fv2%2Fcategories&post=139459"},{"taxonomy":"post_tag","embeddable":true,"href":"https:\/\/zamanturkmenistan.com.tm\/index.php?rest_route=%2Fwp%2Fv2%2Ftags&post=139459"}],"curies":[{"name":"wp","href":"https:\/\/api.w.org\/{rel}","templated":true}]}}